{"id":14119,"date":"2021-05-07T18:04:18","date_gmt":"2021-05-07T21:04:18","guid":{"rendered":"https:\/\/tvc16.com\/portal\/?p=14119"},"modified":"2021-05-07T18:04:21","modified_gmt":"2021-05-07T21:04:21","slug":"ponte-do-abuna-reduzira-custo-do-transporte-no-acre-diz-bolsonaro","status":"publish","type":"post","link":"https:\/\/tvc16.com\/portal\/2021\/05\/07\/ponte-do-abuna-reduzira-custo-do-transporte-no-acre-diz-bolsonaro\/","title":{"rendered":"Ponte do Abun\u00e3 reduzir\u00e1 custo do transporte no Acre, diz Bolsonaro"},"content":{"rendered":"\n<h3 class=\"wp-block-heading\">Presidente voltou a defender a abertura do com\u00e9rcio<\/h3>\n\n\n\n<h4 class=\"wp-block-heading\">15:16 Por Pedro Peduzzi &#8211; Rep\u00f3rter da Ag\u00eancia Brasil &#8211; Bras\u00edlia<\/h4>\n\n\n\n<p>O presidente Jair Bolsonaro disse&nbsp;hoje (7)&nbsp;durante a inaugura\u00e7\u00e3o da Ponte do Abun\u00e3, que liga o Acre a Rond\u00f4nia, que, com a conclus\u00e3o da obra, o custo do transporte para o Acre reduzir\u00e1 em 5%. Na oportunidade, Bolsonaro voltou a criticar o fechamento de com\u00e9rcios, como medida de combate \u00e0 pandemia, e disse que, se necess\u00e1rio, usar\u00e1 as For\u00e7as Armadas para garantir \u201crespeito, ordem e justi\u00e7a\u201d \u00e0 popula\u00e7\u00e3o.<img decoding=\"async\" src=\"https:\/\/agenciabrasil.ebc.com.br\/ebc.png?id=1409051&amp;o=node\"><img decoding=\"async\" src=\"https:\/\/agenciabrasil.ebc.com.br\/ebc.gif?id=1409051&amp;o=node\"><\/p>\n\n\n\n<p>\u201cEstamos unindo o Acre ao resto do pa\u00eds. Voc\u00eas que constru\u00edram a ponte n\u00e3o pararam durante a pandemia. Meus parab\u00e9ns a voc\u00eas. O Brasil n\u00e3o pode parar\u201d, disse.&nbsp;<\/p>\n\n\n\n<p>\u201cO presidente da Rep\u00fablica n\u00e3o recear\u00e1 de tomar uma decis\u00e3o. Se baixar decreto, todos cumprir\u00e3o porque o decreto nada mais \u00e9 que uma c\u00f3pia do Artigo 5\u00ba da Constitui\u00e7\u00e3o. O ir e vir, a liberdade e o direito \u00e0 cren\u00e7a e ao trabalho s\u00e3o sagrados\u201d, reafirmou o presidente.<\/p>\n\n\n\n<p>\u201cN\u00e3o se justifica, depois do que passamos, fechar qualquer ponto do Brasil. Aquele que abre m\u00e3o da liberdade por seguran\u00e7a n\u00e3o tem, no futuro, nem liberdade nem seguran\u00e7a. Todos n\u00f3s preferimos morrer lutando do que perecer em casa\u201d, acrescentou.<\/p>\n\n\n\n<p>Bolsonaro disse que seu governo jamais colocar\u00e1 o Ex\u00e9rcito nas ruas para manter as pessoas em casa. \u201cMinha Marinha, meu Ex\u00e9rcito e minha Aeron\u00e1utica jogam dentro das linhas da Constitui\u00e7\u00e3o. N\u00e3o admitiremos aqueles que querem jogar fora das quatro linhas da nossa Constitui\u00e7\u00e3o\u201d.<\/p>\n\n\n\n<p>Dirigindo-se \u00e0 plateia que acompanhava a inaugura\u00e7\u00e3o da ponte do Abun\u00e3, o presidente disse que militares e brasileiros far\u00e3o de tudo para garantir a liberdade no pa\u00eds. \u201cO que voc\u00eas querem \u00e9 muito pouco: respeito, ordem e justi\u00e7a. Meu dever como chefe supremo das For\u00e7as Armadas e chefe do Executivo \u00e9 garantir esse direito de voc\u00eas. E podem ter certeza, se cada um de n\u00f3s, militares aqui presentes, juramos dar nossa vida pela nossa p\u00e1tria, voc\u00eas, que s\u00e3o o grande ex\u00e9rcito brasileiro, far\u00e3o de tudo, at\u00e9 a pr\u00f3pria vida, para garantir a sua liberdade\u201d.<\/p>\n\n\n\n<p>Bolsonaro aproveitou o evento para criticar tamb\u00e9m as recentes invas\u00f5es de terras promovidas pela Liga dos Camponeses Pobres (LCP), em Rond\u00f4nia. \u201cLCP, se prepare. N\u00e3o ficar\u00e1 de gra\u00e7a, no barato, o que voc\u00eas est\u00e3o fazendo. N\u00e3o tem espa\u00e7o aqui para terroristas. N\u00f3s temos meios de faz\u00ea-los entrar no eixo e respeitar a lei\u201d, alertou o presidente.<\/p>\n\n\n\n<h2 class=\"wp-block-heading\">Ponte do Abun\u00e3<\/h2>\n\n\n\n<p>A ponte inaugurada hoje \u00e9 uma reivindica\u00e7\u00e3o antiga da popula\u00e7\u00e3o local. Localizada no encontro dos rios Madeira e Abun\u00e3, no distrito de Vista Alegre do Abun\u00e3 (RO), em Porto Velho, a ponte tem 1.517 metros de extens\u00e3o e recebeu investimentos de mais de R$ 160 milh\u00f5es. A obra ligar\u00e1 o Acre e Rond\u00f4nia ao restante do pa\u00eds e, no futuro, ajudar\u00e1 a interligar o Brasil ao Oceano Pac\u00edfico.<\/p>\n\n\n\n<p>Durante a cerim\u00f4nia de inaugura\u00e7\u00e3o, o ministro da Infraestrutura, Tarc\u00edsio Gomes de Freitas, disse que o custo para se fazer a travessia do Rio Madeira em balsas era de R$ 200. \u201cIsso ficar\u00e1 no passado. Essa ponte \u00e9 um sonho realizado para muita gente\u201d, disse.<\/p>\n\n\n\n<p>\u201cVencemos um gigante. O Rio Madeira \u00e9 novo e rebelde como todo jovem\u201d, disse o ministro, ao lembrar ter visto uma primeira vers\u00e3o da ponte quando estava ainda na prancheta. \u201cEm 2014, com a enchente que atingiu o estado, vimos que t\u00ednhamos de aumentar a altura, e o projeto teve, ent\u00e3o, de mudar\u201d, lembrou ao justificar a prorroga\u00e7\u00e3o do prazo para a entrega da obra.<\/p>\n\n\n\n<h2 class=\"wp-block-heading\">Confira na&nbsp;<a href=\"https:\/\/tvbrasil.ebc.com.br\/\" target=\"_blank\" rel=\"noreferrer noopener\">TV Brasil<\/a>:&nbsp;<\/h2>\n\n\n\n<figure class=\"wp-block-embed is-type-rich is-provider-incorporar-manipulador wp-block-embed-incorporar-manipulador wp-embed-aspect-16-9 wp-has-aspect-ratio\"><div class=\"wp-block-embed__wrapper\">\n<iframe loading=\"lazy\" title=\"#AoVivo: Libera\u00e7\u00e3o de tr\u00e1fego na ponte sobre o Rio Madeira - BR-364 (RO)\" width=\"640\" height=\"360\" src=\"https:\/\/www.youtube.com\/embed\/8Uagv1Dc-Ts?feature=oembed\" frameborder=\"0\" allow=\"accelerometer; autoplay; clipboard-write; encrypted-media; gyroscope; picture-in-picture; web-share\" referrerpolicy=\"strict-origin-when-cross-origin\" allowfullscreen><\/iframe>\n<\/div><\/figure>\n\n\n\n<p>Edi\u00e7\u00e3o: Fernando Fraga<\/p>\n","protected":false},"excerpt":{"rendered":"<p>Presidente voltou a defender a abertura do com\u00e9rcio 15:16 Por Pedro Peduzzi &#8211; Rep\u00f3rter da<\/p>\n","protected":false},"author":2,"featured_media":14121,"comment_status":"open","ping_status":"open","sticky":false,"template":"","format":"standard","meta":{"footnotes":""},"categories":[17],"tags":[],"class_list":["post-14119","post","type-post","status-publish","format-standard","has-post-thumbnail","hentry","category-outras-noticias"],"_links":{"self":[{"href":"https:\/\/tvc16.com\/portal\/wp-json\/wp\/v2\/posts\/14119","targetHints":{"allow":["GET"]}}],"collection":[{"href":"https:\/\/tvc16.com\/portal\/wp-json\/wp\/v2\/posts"}],"about":[{"href":"https:\/\/tvc16.com\/portal\/wp-json\/wp\/v2\/types\/post"}],"author":[{"embeddable":true,"href":"https:\/\/tvc16.com\/portal\/wp-json\/wp\/v2\/users\/2"}],"replies":[{"embeddable":true,"href":"https:\/\/tvc16.com\/portal\/wp-json\/wp\/v2\/comments?post=14119"}],"version-history":[{"count":1,"href":"https:\/\/tvc16.com\/portal\/wp-json\/wp\/v2\/posts\/14119\/revisions"}],"predecessor-version":[{"id":14122,"href":"https:\/\/tvc16.com\/portal\/wp-json\/wp\/v2\/posts\/14119\/revisions\/14122"}],"wp:featuredmedia":[{"embeddable":true,"href":"https:\/\/tvc16.com\/portal\/wp-json\/wp\/v2\/media\/14121"}],"wp:attachment":[{"href":"https:\/\/tvc16.com\/portal\/wp-json\/wp\/v2\/media?parent=14119"}],"wp:term":[{"taxonomy":"category","embeddable":true,"href":"https:\/\/tvc16.com\/portal\/wp-json\/wp\/v2\/categories?post=14119"},{"taxonomy":"post_tag","embeddable":true,"href":"https:\/\/tvc16.com\/portal\/wp-json\/wp\/v2\/tags?post=14119"}],"curies":[{"name":"wp","href":"https:\/\/api.w.org\/{rel}","templated":true}]}}