{"id":14123,"date":"2021-05-07T18:05:14","date_gmt":"2021-05-07T21:05:14","guid":{"rendered":"https:\/\/tvc16.com\/portal\/?p=14123"},"modified":"2021-05-07T18:05:17","modified_gmt":"2021-05-07T21:05:17","slug":"covid-19-mortes-seguem-caindo-lentamente-mas-casos-voltam-a-subir","status":"publish","type":"post","link":"https:\/\/tvc16.com\/portal\/2021\/05\/07\/covid-19-mortes-seguem-caindo-lentamente-mas-casos-voltam-a-subir\/","title":{"rendered":"Covid-19: mortes seguem caindo lentamente, mas casos voltam a subir"},"content":{"rendered":"\n<h3 class=\"wp-block-heading\">Dados s\u00e3o do Boletim Epidemiol\u00f3gico do Minist\u00e9rio da Sa\u00fade<\/h3>\n\n\n\n<h4 class=\"wp-block-heading\">Por Jonas Valente &#8211; Rep\u00f3rter Ag\u00eancia Brasil &#8211; Bras\u00edlia<\/h4>\n\n\n\n<p>As mortes por covid-19 no Brasil t\u00eam apresentado uma leve tend\u00eancia de queda, segundo dados do Boletim Epidemiol\u00f3gico do Minist\u00e9rio da Sa\u00fade. No per\u00edodo de 25 de abril a 1\u00ba de maio (Semana Epidemiol\u00f3gica 17), foram registrados 16.945 \u00f3bitos, enquanto na semana anterior foram detectadas 17.814 vidas perdidas para a doen\u00e7a.<img decoding=\"async\" src=\"https:\/\/agenciabrasil.ebc.com.br\/ebc.png?id=1409055&amp;o=node\"><img decoding=\"async\" src=\"https:\/\/agenciabrasil.ebc.com.br\/ebc.gif?id=1409055&amp;o=node\"><\/p>\n\n\n\n<p>O resultado revela uma queda de 5% no n\u00famero de \u00f3bitos, o que \u00e9 considerado um quadro de estabilidade pelo minist\u00e9rio. A m\u00e9dia m\u00f3vel de mortes (total de vidas perdidas durante a semana dividida pelo n\u00famero de dias) ficou em 2.421.<\/p>\n\n\n\n<p>A curva de mortes durante a pandemia segue o movimento de revers\u00e3o da tend\u00eancia de alta da 2\u00aa onda registrada neste ano, iniciada por um aumento intenso a partir do fim do m\u00eas de fevereiro. A inflex\u00e3o teve in\u00edcio na semana epidemiol\u00f3gica 14, na 1\u00aa quinzena de abril.<\/p>\n\n\n\n<p>Os boletins epidemiol\u00f3gicos do Minist\u00e9rio da Sa\u00fade sobre o novo coronav\u00edrus re\u00fanem a avalia\u00e7\u00e3o da pasta sobre a evolu\u00e7\u00e3o da pandemia, considerando as semanas epidemiol\u00f3gicas, tipo de media\u00e7\u00e3o empregada por autoridades de sa\u00fade para essas situa\u00e7\u00f5es.<\/p>\n\n\n\n<figure class=\"wp-block-image\"><img decoding=\"async\" src=\"https:\/\/imagens.ebc.com.br\/9tsQRGvHwkueJXUcPInrh4OcE_s=\/754x0\/smart\/https:\/\/agenciabrasil.ebc.com.br\/sites\/default\/files\/thumbnails\/image\/sem_titulo-9_2.jpg?itok=TKhIPTFV\" alt=\"Gr\u00e1fico boletim epidemiol\u00f3gico\" title=\"Minist\u00e9rio da Sa\u00fade\"\/><\/figure>\n\n\n\n<h2 class=\"wp-block-heading\">Novos casos<\/h2>\n\n\n\n<p>A curva de novos casos, que tamb\u00e9m vinha caindo, inverteu o movimento e oscilou 2% para cima. Na Semana Epidemiol\u00f3gica 17, foram registrados 417.760 novos diagn\u00f3sticos positivos para covid-19, contra 408.124 na semana anterior. A m\u00e9dia m\u00f3vel de casos ficou em 59.680.<\/p>\n\n\n\n<p>O resultado da Semana Epidemiol\u00f3gica 17 marca uma mudan\u00e7a na tend\u00eancia de queda no registro de novos casos de covid-19, iniciada em mar\u00e7o, mas apenas com um rev\u00e9s na Semana Epidemiol\u00f3gica 13.<\/p>\n\n\n\n<figure class=\"wp-block-image\"><img decoding=\"async\" src=\"https:\/\/imagens.ebc.com.br\/_YwYZ021neZMKugh_z3YhJ1QXrM=\/754x0\/smart\/https:\/\/agenciabrasil.ebc.com.br\/sites\/default\/files\/thumbnails\/image\/sem_titulo-8_2.jpg?itok=rYynwT95\" alt=\"Gr\u00e1fico boletim epidemiol\u00f3gico\" title=\"Minist\u00e9rio da Sa\u00fade\"\/><\/figure>\n\n\n\n<h2 class=\"wp-block-heading\">Estados<\/h2>\n\n\n\n<p>De acordo com o boletim epidemiol\u00f3gico, o n\u00famero de estados com aumento de novos casos voltou a superar aqueles com redu\u00e7\u00e3o. Na semana em estudo, 12 estados tiveram incremento nos diagn\u00f3sticos confirmados, cinco estados e o Distrito Federal ficaram est\u00e1veis e nove registraram redu\u00e7\u00e3o. Os acr\u00e9scimos mais efetivos ocorreram no Rio Grande do Norte (47%) e Amap\u00e1 (40%). J\u00e1 as quedas mais intensas se deram no Piau\u00ed (-25%) e em Rond\u00f4nia (-18%).<\/p>\n\n\n\n<p>Quando consideradas as mortes, o n\u00famero de estados com queda das curvas foi de 13 mais o DF, oito ficaram est\u00e1veis e outros cinco tiveram acr\u00e9scimo em rela\u00e7\u00e3o ao balan\u00e7o da semana anterior. Os aumentos mais representativos foram registrados em Roraima (52%) e Pernambuco (43%). As quedas mais expressivas aconteceram em Rond\u00f4nia (-44%) e em Goi\u00e1s (-28%).<\/p>\n\n\n\n<h2 class=\"wp-block-heading\">Mundo<\/h2>\n\n\n\n<p>Na semana analisada, o Brasil foi ultrapassado pela \u00cdndia em registro de novas mortes. A \u00cdndia vive uma explos\u00e3o da pandemia e registrou 23.231 novos \u00f3bitos no per\u00edodo. Em seguida vem o Brasil, com 16.945 \u00f3bitos, os Estados Unidos (4.647), a Col\u00f4mbia (3.106) e o Ir\u00e3 (2.970).<\/p>\n\n\n\n<p>Em rela\u00e7\u00e3o ao n\u00famero de casos registrados da doen\u00e7a, o Brasil tamb\u00e9m ocupa a 2\u00aa posi\u00e7\u00e3o. A lideran\u00e7a ficou com a \u00cdndia, que teve 2.597.285 novos diagn\u00f3sticos no per\u00edodo. O Brasil, com 417.760 casos, \u00e9 seguido por Estados Unidos (347.161), Turquia (257.992) e Fran\u00e7a (168.849).<\/p>\n\n\n\n<p>Edi\u00e7\u00e3o: L\u00edlian Beraldo<\/p>\n","protected":false},"excerpt":{"rendered":"<p>Dados s\u00e3o do Boletim Epidemiol\u00f3gico do Minist\u00e9rio da Sa\u00fade Por Jonas Valente &#8211; Rep\u00f3rter Ag\u00eancia<\/p>\n","protected":false},"author":2,"featured_media":14124,"comment_status":"open","ping_status":"open","sticky":false,"template":"","format":"standard","meta":{"footnotes":""},"categories":[17],"tags":[],"class_list":["post-14123","post","type-post","status-publish","format-standard","has-post-thumbnail","hentry","category-outras-noticias"],"_links":{"self":[{"href":"https:\/\/tvc16.com\/portal\/wp-json\/wp\/v2\/posts\/14123","targetHints":{"allow":["GET"]}}],"collection":[{"href":"https:\/\/tvc16.com\/portal\/wp-json\/wp\/v2\/posts"}],"about":[{"href":"https:\/\/tvc16.com\/portal\/wp-json\/wp\/v2\/types\/post"}],"author":[{"embeddable":true,"href":"https:\/\/tvc16.com\/portal\/wp-json\/wp\/v2\/users\/2"}],"replies":[{"embeddable":true,"href":"https:\/\/tvc16.com\/portal\/wp-json\/wp\/v2\/comments?post=14123"}],"version-history":[{"count":1,"href":"https:\/\/tvc16.com\/portal\/wp-json\/wp\/v2\/posts\/14123\/revisions"}],"predecessor-version":[{"id":14125,"href":"https:\/\/tvc16.com\/portal\/wp-json\/wp\/v2\/posts\/14123\/revisions\/14125"}],"wp:featuredmedia":[{"embeddable":true,"href":"https:\/\/tvc16.com\/portal\/wp-json\/wp\/v2\/media\/14124"}],"wp:attachment":[{"href":"https:\/\/tvc16.com\/portal\/wp-json\/wp\/v2\/media?parent=14123"}],"wp:term":[{"taxonomy":"category","embeddable":true,"href":"https:\/\/tvc16.com\/portal\/wp-json\/wp\/v2\/categories?post=14123"},{"taxonomy":"post_tag","embeddable":true,"href":"https:\/\/tvc16.com\/portal\/wp-json\/wp\/v2\/tags?post=14123"}],"curies":[{"name":"wp","href":"https:\/\/api.w.org\/{rel}","templated":true}]}}