{"id":14126,"date":"2021-05-07T18:06:00","date_gmt":"2021-05-07T21:06:00","guid":{"rendered":"https:\/\/tvc16.com\/portal\/?p=14126"},"modified":"2021-05-07T18:06:03","modified_gmt":"2021-05-07T21:06:03","slug":"novo-tecnico-do-santos-diniz-estreara-contra-boca-juniors-na-terca","status":"publish","type":"post","link":"https:\/\/tvc16.com\/portal\/2021\/05\/07\/novo-tecnico-do-santos-diniz-estreara-contra-boca-juniors-na-terca\/","title":{"rendered":"Novo t\u00e9cnico do Santos, Diniz estrear\u00e1 contra Boca Juniors na ter\u00e7a"},"content":{"rendered":"\n<h3 class=\"wp-block-heading\">Se vencer, Peixe segue na briga por vaga nas oitavas da Libertadores<\/h3>\n\n\n\n<h4 class=\"wp-block-heading\">Por Ag\u00eancia Brasil &#8211; Rio de Janeiro<\/h4>\n\n\n\n<p>O Santos oficializou nesta sexta-feira (7) a contrata\u00e7\u00e3o do t\u00e9cnico Fernando Diniz, de 47 anos. Ele substituir\u00e1 o treinador argentino Ariel Holan que pediu demiss\u00e3o no \u00faltimo dia 26, com apenas dois meses no cargo. Diniz s\u00f3 comandar\u00e1 o time na ter\u00e7a-feira (11), contra o Boca J\u00faniors, na Vila Belmiro, pela quarta rodada da fase de grupos da Copa Libertadores. O time santista \u00e9 o terceiro colocado no grupo, com apenas tr\u00eas pontos (uma vit\u00f3ria e duas derrotas). Barcelona de Guayaquil, do Equador,&nbsp;lidera a chave, com nove pontos, e os argentinos do Boca est\u00e3o em segundo lugar, com seis.<img decoding=\"async\" src=\"https:\/\/agenciabrasil.ebc.com.br\/ebc.png?id=1409063&amp;o=node\"><img decoding=\"async\" src=\"https:\/\/agenciabrasil.ebc.com.br\/ebc.gif?id=1409063&amp;o=node\"><\/p>\n\n\n\n<p>Neste domingo (9), quem estar\u00e1 \u00e0 beira do gramado ser\u00e1 o t\u00e9cnico interino Marcelo Fernandes. O Peixe tamb\u00e9m tem\u00a0partida decisiva contra o S\u00e3o Bento pelo Campeonato Paulista. Terceiro colocado no Grupo D, o time precisa vencer na Vila Belmiro para n\u00e3o ser rebaixado no Estadual.\u00a0<\/p>\n\n\n\n<p>Diniz, que j\u00e1 jogou como meio-campita do Santos em 2005, agora retorna ao clube como treinador. Em nota, o Santos afirma que o t\u00e9cnico&nbsp; \u201ctem em seu estilo de jogo a intensidade, muita posse de bola, a ofensividade, al\u00e9m de utilizar novos valores em campo\u201d.<\/p>\n\n\n\n<p>O treinador estava sem clube desde fevereiro, quando deixou o comando do S\u00e3o Paulo. Ele tamb\u00e9m j\u00e1 comandou a equipe t\u00e9cnica do Fluminense e do Athletico Paranaense.<\/p>\n\n\n\n<p>Edi\u00e7\u00e3o: Cl\u00e1udia Soares Rodrigues<\/p>\n","protected":false},"excerpt":{"rendered":"<p>Se vencer, Peixe segue na briga por vaga nas oitavas da Libertadores Por Ag\u00eancia Brasil<\/p>\n","protected":false},"author":2,"featured_media":14127,"comment_status":"open","ping_status":"open","sticky":false,"template":"","format":"standard","meta":{"footnotes":""},"categories":[22],"tags":[],"class_list":["post-14126","post","type-post","status-publish","format-standard","has-post-thumbnail","hentry","category-internacional"],"_links":{"self":[{"href":"https:\/\/tvc16.com\/portal\/wp-json\/wp\/v2\/posts\/14126","targetHints":{"allow":["GET"]}}],"collection":[{"href":"https:\/\/tvc16.com\/portal\/wp-json\/wp\/v2\/posts"}],"about":[{"href":"https:\/\/tvc16.com\/portal\/wp-json\/wp\/v2\/types\/post"}],"author":[{"embeddable":true,"href":"https:\/\/tvc16.com\/portal\/wp-json\/wp\/v2\/users\/2"}],"replies":[{"embeddable":true,"href":"https:\/\/tvc16.com\/portal\/wp-json\/wp\/v2\/comments?post=14126"}],"version-history":[{"count":1,"href":"https:\/\/tvc16.com\/portal\/wp-json\/wp\/v2\/posts\/14126\/revisions"}],"predecessor-version":[{"id":14128,"href":"https:\/\/tvc16.com\/portal\/wp-json\/wp\/v2\/posts\/14126\/revisions\/14128"}],"wp:featuredmedia":[{"embeddable":true,"href":"https:\/\/tvc16.com\/portal\/wp-json\/wp\/v2\/media\/14127"}],"wp:attachment":[{"href":"https:\/\/tvc16.com\/portal\/wp-json\/wp\/v2\/media?parent=14126"}],"wp:term":[{"taxonomy":"category","embeddable":true,"href":"https:\/\/tvc16.com\/portal\/wp-json\/wp\/v2\/categories?post=14126"},{"taxonomy":"post_tag","embeddable":true,"href":"https:\/\/tvc16.com\/portal\/wp-json\/wp\/v2\/tags?post=14126"}],"curies":[{"name":"wp","href":"https:\/\/api.w.org\/{rel}","templated":true}]}}