{"id":14137,"date":"2021-05-08T13:54:00","date_gmt":"2021-05-08T16:54:00","guid":{"rendered":"https:\/\/tvc16.com\/portal\/?p=14137"},"modified":"2021-05-08T13:54:02","modified_gmt":"2021-05-08T16:54:02","slug":"marcos-falconi-recebe-homenagem-in-memoriam","status":"publish","type":"post","link":"https:\/\/tvc16.com\/portal\/2021\/05\/08\/marcos-falconi-recebe-homenagem-in-memoriam\/","title":{"rendered":"Marcos Falconi recebe homenagem (in memoriam)"},"content":{"rendered":"\n<p>Durante a cerim\u00f4nia de Inaugura\u00e7\u00e3o do Rel\u00f3gio das Flores, nesta sexta-feira (07), no sagu\u00e3o da UCP, Unidade Bar\u00e3o do Amazonas, o diretor da TV Cidade de Petr\u00f3polis, Marcos Falconi, foi homenageado (in memoriam). A jornalista Beth de Oliveira recebeu das m\u00e3os do secret\u00e1rio da Turispetro, Samir El Ghaoui, a homenagem pela participa\u00e7\u00e3o de Marcos Falconi no projeto para retornar com o funcionamento do Rel\u00f3gio, que j\u00e1 estava sem marcar \u00e0s horas durante quase seis anos.<\/p>\n\n\n\n<figure class=\"wp-block-image size-large is-style-default\"><img loading=\"lazy\" decoding=\"async\" width=\"960\" height=\"654\" src=\"https:\/\/tvc16.com\/portal\/wp-content\/uploads\/2021\/05\/FB_IMG_1620492817103.jpg\" alt=\"\" class=\"wp-image-14140\" srcset=\"https:\/\/tvc16.com\/portal\/wp-content\/uploads\/2021\/05\/FB_IMG_1620492817103.jpg 960w, https:\/\/tvc16.com\/portal\/wp-content\/uploads\/2021\/05\/FB_IMG_1620492817103-300x204.jpg 300w, https:\/\/tvc16.com\/portal\/wp-content\/uploads\/2021\/05\/FB_IMG_1620492817103-768x523.jpg 768w\" sizes=\"auto, (max-width: 960px) 100vw, 960px\" \/><\/figure>\n\n\n\n<p><\/p>\n","protected":false},"excerpt":{"rendered":"<p>Durante a cerim\u00f4nia de Inaugura\u00e7\u00e3o do Rel\u00f3gio das Flores, nesta sexta-feira (07), no sagu\u00e3o da<\/p>\n","protected":false},"author":2,"featured_media":14139,"comment_status":"open","ping_status":"open","sticky":false,"template":"","format":"standard","meta":{"footnotes":""},"categories":[12],"tags":[],"class_list":["post-14137","post","type-post","status-publish","format-standard","has-post-thumbnail","hentry","category-cidade"],"_links":{"self":[{"href":"https:\/\/tvc16.com\/portal\/wp-json\/wp\/v2\/posts\/14137","targetHints":{"allow":["GET"]}}],"collection":[{"href":"https:\/\/tvc16.com\/portal\/wp-json\/wp\/v2\/posts"}],"about":[{"href":"https:\/\/tvc16.com\/portal\/wp-json\/wp\/v2\/types\/post"}],"author":[{"embeddable":true,"href":"https:\/\/tvc16.com\/portal\/wp-json\/wp\/v2\/users\/2"}],"replies":[{"embeddable":true,"href":"https:\/\/tvc16.com\/portal\/wp-json\/wp\/v2\/comments?post=14137"}],"version-history":[{"count":1,"href":"https:\/\/tvc16.com\/portal\/wp-json\/wp\/v2\/posts\/14137\/revisions"}],"predecessor-version":[{"id":14141,"href":"https:\/\/tvc16.com\/portal\/wp-json\/wp\/v2\/posts\/14137\/revisions\/14141"}],"wp:featuredmedia":[{"embeddable":true,"href":"https:\/\/tvc16.com\/portal\/wp-json\/wp\/v2\/media\/14139"}],"wp:attachment":[{"href":"https:\/\/tvc16.com\/portal\/wp-json\/wp\/v2\/media?parent=14137"}],"wp:term":[{"taxonomy":"category","embeddable":true,"href":"https:\/\/tvc16.com\/portal\/wp-json\/wp\/v2\/categories?post=14137"},{"taxonomy":"post_tag","embeddable":true,"href":"https:\/\/tvc16.com\/portal\/wp-json\/wp\/v2\/tags?post=14137"}],"curies":[{"name":"wp","href":"https:\/\/api.w.org\/{rel}","templated":true}]}}