{"id":1414,"date":"2020-09-28T13:13:16","date_gmt":"2020-09-28T13:13:16","guid":{"rendered":"https:\/\/tvc16.com\/portal\/?p=1414"},"modified":"2020-09-28T13:13:16","modified_gmt":"2020-09-28T13:13:16","slug":"confianca-da-industria-atinge-maior-nivel-desde-janeiro-de-2013","status":"publish","type":"post","link":"https:\/\/tvc16.com\/portal\/2020\/09\/28\/confianca-da-industria-atinge-maior-nivel-desde-janeiro-de-2013\/","title":{"rendered":"Confian\u00e7a da ind\u00fastria atinge maior n\u00edvel desde janeiro de 2013"},"content":{"rendered":"\n<p>O indicador chegou a 106,7 pontos, diz FGV<\/p>\n\n\n\n<p>O \u00cdndice de Confian\u00e7a da Ind\u00fastria, medido pela Funda\u00e7\u00e3o Getulio Vargas (FGV), cresceu 8 pontos na passagem de agosto para setembro deste ano. Com o resultado, o indicador chegou a 106,7 pontos, em uma escala de 0 a 200 pontos, o maior n\u00edvel desde janeiro de 2013, quando tamb\u00e9m registrou 106,7 pontos.<img decoding=\"async\" src=\"https:\/\/agenciabrasil.ebc.com.br\/ebc.png?id=1389108&amp;o=node\"><img decoding=\"async\" src=\"https:\/\/agenciabrasil.ebc.com.br\/ebc.gif?id=1389108&amp;o=node\"><\/p>\n\n\n\n<p>Dezoito dos 19 segmentos industriais pesquisados registraram aumento da confian\u00e7a de agosto para setembro.<\/p>\n\n\n\n<p>O \u00cdndice da Situa\u00e7\u00e3o Atual, que mede a confian\u00e7a dos empres\u00e1rios no momento presente, cresceu 9,5 pontos e chegou a 107,3 pontos. J\u00e1 o \u00cdndice de Expectativas, que mede a confian\u00e7a no futuro, subiu 6,3 pontos e atingiu 105,9 pontos.<\/p>\n\n\n\n<p>\u201cNa opini\u00e3o dos empres\u00e1rios, a demanda estaria satisfat\u00f3ria, o n\u00edvel de estoques est\u00e1 confort\u00e1vel e haveria expectativa de aumento de produ\u00e7\u00e3o e do quadro de pessoal no curt\u00edssimo prazo. Esse resultado sugere que o pior da crise j\u00e1 foi superado e que o setor teria f\u00f4lego para continuar a apresentar resultados positivos no pr\u00f3ximo trimestre\u201d, afirma a economista da FGV Renata de Mello Franco.<\/p>\n\n\n\n<p>H\u00e1, no entanto, uma preocupa\u00e7\u00e3o do setor com rela\u00e7\u00e3o aos pr\u00f3ximos seis meses. \u201cUma cautela possivelmente motivada pela incerteza com rela\u00e7\u00e3o aos rumos da economia ap\u00f3s a retirada dos programas emergenciais do governo\u201d, diz Renata de Mello Franco.<\/p>\n\n\n\n<p>Por Vitor Abdala &#8211; Rep\u00f3rter da Ag\u00eancia Brasil &#8211; Rio de Janeiro<\/p>\n\n\n\n<p>Edi\u00e7\u00e3o: Val\u00e9ria Aguiar<\/p>\n","protected":false},"excerpt":{"rendered":"<p>O indicador chegou a 106,7 pontos, diz FGV O \u00cdndice de Confian\u00e7a da Ind\u00fastria, medido<\/p>\n","protected":false},"author":2,"featured_media":1415,"comment_status":"open","ping_status":"open","sticky":false,"template":"","format":"standard","meta":{"footnotes":""},"categories":[18],"tags":[],"class_list":["post-1414","post","type-post","status-publish","format-standard","has-post-thumbnail","hentry","category-economia"],"_links":{"self":[{"href":"https:\/\/tvc16.com\/portal\/wp-json\/wp\/v2\/posts\/1414","targetHints":{"allow":["GET"]}}],"collection":[{"href":"https:\/\/tvc16.com\/portal\/wp-json\/wp\/v2\/posts"}],"about":[{"href":"https:\/\/tvc16.com\/portal\/wp-json\/wp\/v2\/types\/post"}],"author":[{"embeddable":true,"href":"https:\/\/tvc16.com\/portal\/wp-json\/wp\/v2\/users\/2"}],"replies":[{"embeddable":true,"href":"https:\/\/tvc16.com\/portal\/wp-json\/wp\/v2\/comments?post=1414"}],"version-history":[{"count":1,"href":"https:\/\/tvc16.com\/portal\/wp-json\/wp\/v2\/posts\/1414\/revisions"}],"predecessor-version":[{"id":1416,"href":"https:\/\/tvc16.com\/portal\/wp-json\/wp\/v2\/posts\/1414\/revisions\/1416"}],"wp:featuredmedia":[{"embeddable":true,"href":"https:\/\/tvc16.com\/portal\/wp-json\/wp\/v2\/media\/1415"}],"wp:attachment":[{"href":"https:\/\/tvc16.com\/portal\/wp-json\/wp\/v2\/media?parent=1414"}],"wp:term":[{"taxonomy":"category","embeddable":true,"href":"https:\/\/tvc16.com\/portal\/wp-json\/wp\/v2\/categories?post=1414"},{"taxonomy":"post_tag","embeddable":true,"href":"https:\/\/tvc16.com\/portal\/wp-json\/wp\/v2\/tags?post=1414"}],"curies":[{"name":"wp","href":"https:\/\/api.w.org\/{rel}","templated":true}]}}