{"id":14142,"date":"2021-05-08T13:55:58","date_gmt":"2021-05-08T16:55:58","guid":{"rendered":"https:\/\/tvc16.com\/portal\/?p=14142"},"modified":"2021-05-08T13:56:02","modified_gmt":"2021-05-08T16:56:02","slug":"alunos-de-direito-e-psicologia-da-universidade-catolica-de-petropolis-ucp-agora-tem-a-oportunidade-de-colocar-os-conhecimentos-teoricos-em-pratica","status":"publish","type":"post","link":"https:\/\/tvc16.com\/portal\/2021\/05\/08\/alunos-de-direito-e-psicologia-da-universidade-catolica-de-petropolis-ucp-agora-tem-a-oportunidade-de-colocar-os-conhecimentos-teoricos-em-pratica\/","title":{"rendered":"Alunos de Direito e Psicologia da Universidade Cat\u00f3lica de Petr\u00f3polis (UCP) agora t\u00eam a oportunidade de colocar os conhecimentos te\u00f3ricos em pr\u00e1tica"},"content":{"rendered":"\n<p><\/p>\n\n\n\n<p>Isso porque a Prefeitura de Petr\u00f3polis firmou uma parceria para que os alunos da universidade realizem est\u00e1gio pr\u00e1tico no Programa Petr\u00f3polis da Paz. Ao todo, s\u00e3o 67 estudantes.<\/p>\n\n\n\n<p>Participam 35 estudantes do s\u00e9timo per\u00edodo de Direito e 32 alunos dos \u00faltimos per\u00edodos do curso de Psicologia. Os universit\u00e1rios realizam desde mar\u00e7o um curso de 40 horas de forma online. Na \u00faltima segunda-feira (03), os alunos iniciaram o est\u00e1gio presencialmente. O treinamento \u00e9 volunt\u00e1rio e oferece Horas de Atividades Acad\u00eamicas Complementares (AAC).<\/p>\n\n\n\n<p>\u201cO Petr\u00f3polis da Paz \u00e9 refer\u00eancia nacional na media\u00e7\u00e3o de conflitos\u201d, lembrou o prefeito interino Hingo Hammes. Os estagi\u00e1rios de Direito receber\u00e3o capacita\u00e7\u00e3o, atuando em todas as \u00e1reas da Media\u00e7\u00e3o de Conflitos. A primeira etapa \u00e9 a pr\u00e1tica em delegacias, com o objetivo do encaminhamento pessoas em vulnerabilidade que chegam \u00e0 unidade com casos que podem ser resolvidos com o di\u00e1logo na C\u00e2mara de Preven\u00e7\u00e3o e Resolu\u00e7\u00e3o de Conflitos.<\/p>\n\n\n\n<p>Na C\u00e2mara, os estagi\u00e1rios participam juntos com os mediadores judiciais e volunt\u00e1rios, a promover a Cultura de Paz atrav\u00e9s da forma\u00e7\u00e3o individual e sistem\u00e1tica. Com todo trabalho, \u00e9 poss\u00edvel desafogar as a\u00e7\u00f5es no judici\u00e1rio, com acordos que beneficiam as duas partes envolvidas.<\/p>\n\n\n\n<p>J\u00e1 os alunos de Psicologia realizam atendimentos junto com a equipe, atuando em Media\u00e7\u00f5es Escolar e Restaurativa. \u201cA partir dessa experi\u00eancia, eles podem o conhecimento e a viv\u00eancia da \u00e1rea com situa\u00e7\u00f5es pr\u00e1ticas. Com isso, os alunos tamb\u00e9m trazem para a equipe um olhar diferente sobre os casos\u201d, explica Elsie-Elen Carvalho, coordenadora do Programa Petr\u00f3polis da Paz<\/p>\n\n\n\n<p>Para evitar aglomera\u00e7\u00f5es na sede da institui\u00e7\u00e3o, os estagi\u00e1rios ser\u00e3o escalonados durante os dias. \u201cEssa parceria traz um sentimento de felicidade, em poder ajudar estudantes com experi\u00eancias que ser\u00e3o \u00fateis em sua carreira profissional. A inten\u00e7\u00e3o \u00e9 alcan\u00e7ar mais alunos. A UCP j\u00e1 sinalizou positivamente o interesse para os cursos em mestrado de Psicologia. Estamos bem otimistas\u201d, comemora Elsie-Elen.<\/p>\n\n\n\n<p>O est\u00e1gio presencial \u00e9 realizado sede do programa, na Av. Ipiranga 193. O programa tem parceria com todas as secretarias municipais, al\u00e9m do Tribunal de Justi\u00e7a, Delegacias de Petr\u00f3polis, Conselho Estadual e Municipal de Seguran\u00e7a P\u00fablica, Procon, Conselho Tutelar e Universidades. Neste per\u00edodo de pandemia, o servi\u00e7o continua funcionado. As pessoas podem entrar em contato pelo WhatsApp, atrav\u00e9s do n\u00famero: 24 98858-4891.<\/p>\n\n\n\n<p>O Programa Municipal de Pacifica\u00e7\u00e3o Restaurativa Petr\u00f3polis da Paz come\u00e7ou em 2017, atrav\u00e9s da Lei n\u00b0 7.532, com a finalidade de buscar solu\u00e7\u00f5es para os conflitos apresentados e as mudan\u00e7as na busca da inclus\u00e3o e paz social de toda a comunidade. Atualmente o servi\u00e7o \u00e9 uma refer\u00eancia no Brasil.<\/p>\n","protected":false},"excerpt":{"rendered":"<p>Isso porque a Prefeitura de Petr\u00f3polis firmou uma parceria para que os alunos da universidade<\/p>\n","protected":false},"author":2,"featured_media":14143,"comment_status":"open","ping_status":"open","sticky":false,"template":"","format":"standard","meta":{"footnotes":""},"categories":[12],"tags":[],"class_list":["post-14142","post","type-post","status-publish","format-standard","has-post-thumbnail","hentry","category-cidade"],"_links":{"self":[{"href":"https:\/\/tvc16.com\/portal\/wp-json\/wp\/v2\/posts\/14142","targetHints":{"allow":["GET"]}}],"collection":[{"href":"https:\/\/tvc16.com\/portal\/wp-json\/wp\/v2\/posts"}],"about":[{"href":"https:\/\/tvc16.com\/portal\/wp-json\/wp\/v2\/types\/post"}],"author":[{"embeddable":true,"href":"https:\/\/tvc16.com\/portal\/wp-json\/wp\/v2\/users\/2"}],"replies":[{"embeddable":true,"href":"https:\/\/tvc16.com\/portal\/wp-json\/wp\/v2\/comments?post=14142"}],"version-history":[{"count":1,"href":"https:\/\/tvc16.com\/portal\/wp-json\/wp\/v2\/posts\/14142\/revisions"}],"predecessor-version":[{"id":14144,"href":"https:\/\/tvc16.com\/portal\/wp-json\/wp\/v2\/posts\/14142\/revisions\/14144"}],"wp:featuredmedia":[{"embeddable":true,"href":"https:\/\/tvc16.com\/portal\/wp-json\/wp\/v2\/media\/14143"}],"wp:attachment":[{"href":"https:\/\/tvc16.com\/portal\/wp-json\/wp\/v2\/media?parent=14142"}],"wp:term":[{"taxonomy":"category","embeddable":true,"href":"https:\/\/tvc16.com\/portal\/wp-json\/wp\/v2\/categories?post=14142"},{"taxonomy":"post_tag","embeddable":true,"href":"https:\/\/tvc16.com\/portal\/wp-json\/wp\/v2\/tags?post=14142"}],"curies":[{"name":"wp","href":"https:\/\/api.w.org\/{rel}","templated":true}]}}