{"id":14148,"date":"2021-05-08T13:58:36","date_gmt":"2021-05-08T16:58:36","guid":{"rendered":"https:\/\/tvc16.com\/portal\/?p=14148"},"modified":"2021-05-08T13:58:38","modified_gmt":"2021-05-08T16:58:38","slug":"petropolis-ja-registra-1021-obitos-por-covid-19","status":"publish","type":"post","link":"https:\/\/tvc16.com\/portal\/2021\/05\/08\/petropolis-ja-registra-1021-obitos-por-covid-19\/","title":{"rendered":"Petr\u00f3polis j\u00e1 registra 1021 \u00f3bitos por Covid-19"},"content":{"rendered":"\n<p><\/p>\n\n\n\n<p>At\u00e9a noite desta sexta-feira, 138 pessoas est\u00e3o internadas em leitos de UTI privados e pelo SUS na Cidade. Outras 169 est\u00e3o em leitos cl\u00ednicos, considerando leitos privados e SUS, totalizando assim, 307 interna\u00e7\u00f5es em toda a rede. A ocupa\u00e7\u00e3o de leitos cl\u00ednicos pelo SUS \u00e9 de 50,36% e 81,20% em leitos de UTI.<\/p>\n\n\n\n<p>A Secretaria de Sa\u00fade esclarece que o n\u00famero de \u00f3bitos, hoje em 1.021 \u00e9 atualizado nos boletins apenas ap\u00f3s o registro do atestado de \u00f3bito e do resultado do exame do paciente no sistema da Vigil\u00e2ncia Epidemiol\u00f3gica, o que \u00e9 feito por equipe administrativa. Trata-se de medida de seguran\u00e7a para evitar erro na informa\u00e7\u00e3o divulgada pela Secretaria de Sa\u00fade.<\/p>\n\n\n\n<p>\u00d3bitos registrados:<\/p>\n\n\n\n<ol class=\"wp-block-list\"><li>Homem, 73 anos, morador no Caxambu. Internado em 09.10.2020 no HNSA. \u00d3bito registrado 10.10.2020. Paciente com hipertens\u00e3o arterial e diabetes<\/li><li>Homem, 70 anos, morador no Bingen. Internado em 09.04.2021 na UPA Cascatinha e transferido para o HNSA. \u00d3bito registrado em 10.04.2021 no HNSA. Paciente com hipertens\u00e3o arterial e diabetes.<\/li><li>Homem, 63 anos, morador na Estrada da Saudade. Internado em 10.04.2021 no HAC e transferido para o SMH. \u00d3bito registrado em 19.04.2021 no SMH. Paciente com AVE e hipertens\u00e3o arterial.<\/li><li>Homem, 54 anos, morador no Itamarati. Internado em 20.04.2021 na UPA Cascatinha e transferido para o HNSA. \u00d3bito registrado em 28.04.2021 no HNSA. Paciente com obesidade e hipertens\u00e3o arterial.<\/li><li>Homem, 69 anos, morador no Bairro da Gl\u00f3ria. Internado em 19.04.2021 no SMH. \u00d3bito registrado em 29.04.2021 no SMH. Paciente com obesidade e hipertens\u00e3o arterial.<\/li><li>Mulher, 75 anos, moradora no Centro. Internado em 09.04.2021 no Hospital Unimed. \u00d3bito registrado em 05.05.2021 no Hospital Unimed. Paciente com hipotireoidismo.<\/li><\/ol>\n","protected":false},"excerpt":{"rendered":"<p>At\u00e9a noite desta sexta-feira, 138 pessoas est\u00e3o internadas em leitos de UTI privados e pelo<\/p>\n","protected":false},"author":2,"featured_media":14149,"comment_status":"open","ping_status":"open","sticky":false,"template":"","format":"standard","meta":{"footnotes":""},"categories":[12],"tags":[],"class_list":["post-14148","post","type-post","status-publish","format-standard","has-post-thumbnail","hentry","category-cidade"],"_links":{"self":[{"href":"https:\/\/tvc16.com\/portal\/wp-json\/wp\/v2\/posts\/14148","targetHints":{"allow":["GET"]}}],"collection":[{"href":"https:\/\/tvc16.com\/portal\/wp-json\/wp\/v2\/posts"}],"about":[{"href":"https:\/\/tvc16.com\/portal\/wp-json\/wp\/v2\/types\/post"}],"author":[{"embeddable":true,"href":"https:\/\/tvc16.com\/portal\/wp-json\/wp\/v2\/users\/2"}],"replies":[{"embeddable":true,"href":"https:\/\/tvc16.com\/portal\/wp-json\/wp\/v2\/comments?post=14148"}],"version-history":[{"count":1,"href":"https:\/\/tvc16.com\/portal\/wp-json\/wp\/v2\/posts\/14148\/revisions"}],"predecessor-version":[{"id":14150,"href":"https:\/\/tvc16.com\/portal\/wp-json\/wp\/v2\/posts\/14148\/revisions\/14150"}],"wp:featuredmedia":[{"embeddable":true,"href":"https:\/\/tvc16.com\/portal\/wp-json\/wp\/v2\/media\/14149"}],"wp:attachment":[{"href":"https:\/\/tvc16.com\/portal\/wp-json\/wp\/v2\/media?parent=14148"}],"wp:term":[{"taxonomy":"category","embeddable":true,"href":"https:\/\/tvc16.com\/portal\/wp-json\/wp\/v2\/categories?post=14148"},{"taxonomy":"post_tag","embeddable":true,"href":"https:\/\/tvc16.com\/portal\/wp-json\/wp\/v2\/tags?post=14148"}],"curies":[{"name":"wp","href":"https:\/\/api.w.org\/{rel}","templated":true}]}}