{"id":14169,"date":"2021-05-08T19:07:33","date_gmt":"2021-05-08T22:07:33","guid":{"rendered":"https:\/\/tvc16.com\/portal\/?p=14169"},"modified":"2021-05-08T19:07:35","modified_gmt":"2021-05-08T22:07:35","slug":"apos-oito-anos-de-espera-profissionais-da-educacao-estadual-ganham-reajuste-no-auxilio-alimentacao","status":"publish","type":"post","link":"https:\/\/tvc16.com\/portal\/2021\/05\/08\/apos-oito-anos-de-espera-profissionais-da-educacao-estadual-ganham-reajuste-no-auxilio-alimentacao\/","title":{"rendered":"Ap\u00f3s oito anos de espera, profissionais da Educa\u00e7\u00e3o estadual ganham reajuste no aux\u00edlio-alimenta\u00e7\u00e3o"},"content":{"rendered":"\n<p><\/p>\n\n\n\n<p><em>Novos valores s\u00e3o proporcionais \u00e0 carga hor\u00e1ria semanal de trabalho e caem na conta dos 70 mil funcion\u00e1rios da pasta j\u00e1 nesta sexta-feira (7)<\/em><\/p>\n\n\n\n<p>Profissionais da Educa\u00e7\u00e3o receber\u00e3o o sal\u00e1rio antecipado pelo Governo do Estado, nesta sexta-feira (7), com o valor do aux\u00edlio-alimenta\u00e7\u00e3o maior e proporcional \u00e0 carga hor\u00e1ria semanal de trabalho. Desde 2013, o montante de R$ 160 \u00e9 fixo para todos os profissionais e agora passar\u00e1 para R$ 239,52 (16h semanais) a R$ 598,90 (40h semanais). O investimento anual da Secretaria de Estado de Educa\u00e7\u00e3o (Seeduc) no benef\u00edcio ser\u00e1 na ordem de R$ 111 milh\u00f5es.<\/p>\n\n\n\n<p>Outra novidade \u00e9 que o aux\u00edlio ser\u00e1 pago por matr\u00edcula &#8211; desde que n\u00e3o ultrapasse o limite de 40h semanais &#8211; e n\u00e3o mais pelo CPF do servidor, o que aumenta os valores no caso de ac\u00famulo de fun\u00e7\u00f5es. De acordo com o secret\u00e1rio de Estado de Educa\u00e7\u00e3o, Comte Bittencourt, o reajuste do benef\u00edcio foi poss\u00edvel gra\u00e7as a uma reorganiza\u00e7\u00e3o das finan\u00e7as da pasta para a valoriza\u00e7\u00e3o do quadro.<\/p>\n\n\n\n<p>&#8211; O aux\u00edlio de R$ 160,00, estabelecido em 2013, n\u00e3o havia tido reajustes. Em uma reorganiza\u00e7\u00e3o das finan\u00e7as da Seeduc, conseguimos gerar uma economia de R$ 110 milh\u00f5es este ano para que fiz\u00e9ssemos frente a esses profissionais. Esse esfor\u00e7o fiscal teve o apoio direto do governador Claudio Castro e vem na dire\u00e7\u00e3o de valorizar os servidores da Educa\u00e7\u00e3o &#8211; afirma.<\/p>\n\n\n\n<p>Veja o quadro com todos os valores:<\/p>\n\n\n\n<p><strong>CARGA HOR\u00c1RIA SEMANAL<\/strong><\/p>\n\n\n\n<p>16H R$ 239,52<\/p>\n\n\n\n<p>22H R$ 329,34<\/p>\n\n\n\n<p>25H R$ 374,25<\/p>\n\n\n\n<p>30H R$ 449,10<\/p>\n\n\n\n<p>40H R$ 598,80<\/p>\n","protected":false},"excerpt":{"rendered":"<p>Novos valores s\u00e3o proporcionais \u00e0 carga hor\u00e1ria semanal de trabalho e caem na conta dos<\/p>\n","protected":false},"author":2,"featured_media":14170,"comment_status":"open","ping_status":"open","sticky":false,"template":"","format":"standard","meta":{"footnotes":""},"categories":[17],"tags":[],"class_list":["post-14169","post","type-post","status-publish","format-standard","has-post-thumbnail","hentry","category-outras-noticias"],"_links":{"self":[{"href":"https:\/\/tvc16.com\/portal\/wp-json\/wp\/v2\/posts\/14169","targetHints":{"allow":["GET"]}}],"collection":[{"href":"https:\/\/tvc16.com\/portal\/wp-json\/wp\/v2\/posts"}],"about":[{"href":"https:\/\/tvc16.com\/portal\/wp-json\/wp\/v2\/types\/post"}],"author":[{"embeddable":true,"href":"https:\/\/tvc16.com\/portal\/wp-json\/wp\/v2\/users\/2"}],"replies":[{"embeddable":true,"href":"https:\/\/tvc16.com\/portal\/wp-json\/wp\/v2\/comments?post=14169"}],"version-history":[{"count":1,"href":"https:\/\/tvc16.com\/portal\/wp-json\/wp\/v2\/posts\/14169\/revisions"}],"predecessor-version":[{"id":14171,"href":"https:\/\/tvc16.com\/portal\/wp-json\/wp\/v2\/posts\/14169\/revisions\/14171"}],"wp:featuredmedia":[{"embeddable":true,"href":"https:\/\/tvc16.com\/portal\/wp-json\/wp\/v2\/media\/14170"}],"wp:attachment":[{"href":"https:\/\/tvc16.com\/portal\/wp-json\/wp\/v2\/media?parent=14169"}],"wp:term":[{"taxonomy":"category","embeddable":true,"href":"https:\/\/tvc16.com\/portal\/wp-json\/wp\/v2\/categories?post=14169"},{"taxonomy":"post_tag","embeddable":true,"href":"https:\/\/tvc16.com\/portal\/wp-json\/wp\/v2\/tags?post=14169"}],"curies":[{"name":"wp","href":"https:\/\/api.w.org\/{rel}","templated":true}]}}