{"id":14172,"date":"2021-05-08T19:40:39","date_gmt":"2021-05-08T22:40:39","guid":{"rendered":"https:\/\/tvc16.com\/portal\/?p=14172"},"modified":"2021-05-08T19:45:47","modified_gmt":"2021-05-08T22:45:47","slug":"a-falta-da-peca-impede-a-realizacao-de-mamografias-no-centro-de-saude-em-petropolis","status":"publish","type":"post","link":"https:\/\/tvc16.com\/portal\/2021\/05\/08\/a-falta-da-peca-impede-a-realizacao-de-mamografias-no-centro-de-saude-em-petropolis\/","title":{"rendered":"A falta de uma pe\u00e7a (dos\u00edmetro), no mam\u00f3grafo, impede a realiza\u00e7\u00e3o de mamografias no Centro de Sa\u00fade em Petr\u00f3polis"},"content":{"rendered":"\n<p><\/p>\n\n\n\n<p>A fiscaliza\u00e7\u00e3o dos vereadores Eduardo do Blog (REP) e Dr. Mauro Peralta (PRTB) no Centro de Sa\u00fade Professor Manoel Jos\u00e9 Ferreira, no centro da cidade, revelou que o aparelho de mamografia instalado na unidade n\u00e3o funciona pela falta do dos\u00edmetro \u2013 um dispositivo que tem como fun\u00e7\u00e3o medir radia\u00e7\u00e3o, ru\u00eddos, vibra\u00e7\u00e3o e produtos qu\u00edmicos. Por conta disso, os parlamentares protocolaram, em dupla, uma indica\u00e7\u00e3o solicitando a compra de dos\u00edmetros pela Secretaria de Sa\u00fade. A proposta foi inclu\u00edda na pauta da sess\u00e3o, em regime de urg\u00eancia, e foi aprovada com 14 votos.<br>Eduardo do Blog comenta que a cidade tem um mam\u00f3grafo novo, no Centro de Sa\u00fade, e que n\u00e3o est\u00e1 sendo usado, pois n\u00e3o possui essa pe\u00e7a que tamb\u00e9m protege a sa\u00fade dos operadores do equipamento. \u201c\u00c9 algo relativamente barato, diante do imenso benef\u00edcio que traz o funcionamento do aparelho\u201d, explica.<br>O Secret\u00e1rio de Sa\u00fade do munic\u00edpio, Aloisio Barbosa da Silva Filho, j\u00e1 entrou em contato com o vereador Dr. Mauro Peralta, presidente da Comiss\u00e3o Permanente de Defesa da Sa\u00fade da C\u00e2mara, e prometeu que a compra ser\u00e1 realizada o mais r\u00e1pido poss\u00edvel. \u201c\u00c9 um mam\u00f3grafo que est\u00e1 parado h\u00e1 um ano, o que fez com que fosse gerada uma fila de espera de 3.500 pessoas em todo munic\u00edpio. Gostaria de agradecer ao secret\u00e1rio que prometeu solucionar este problema at\u00e9 o final do m\u00eas\u201d, finaliza Peralta.<br>A proposta agora aguarda parecer do Executivo.<\/p>\n\n\n\n<figure class=\"wp-block-image size-large\"><img loading=\"lazy\" decoding=\"async\" width=\"1024\" height=\"682\" src=\"https:\/\/tvc16.com\/portal\/wp-content\/uploads\/2021\/05\/Dr_Peralta-1024x682.jpg\" alt=\"\" class=\"wp-image-14173\" srcset=\"https:\/\/tvc16.com\/portal\/wp-content\/uploads\/2021\/05\/Dr_Peralta-1024x682.jpg 1024w, https:\/\/tvc16.com\/portal\/wp-content\/uploads\/2021\/05\/Dr_Peralta-300x200.jpg 300w, https:\/\/tvc16.com\/portal\/wp-content\/uploads\/2021\/05\/Dr_Peralta-768x512.jpg 768w, https:\/\/tvc16.com\/portal\/wp-content\/uploads\/2021\/05\/Dr_Peralta-1536x1023.jpg 1536w, https:\/\/tvc16.com\/portal\/wp-content\/uploads\/2021\/05\/Dr_Peralta-900x600.jpg 900w, https:\/\/tvc16.com\/portal\/wp-content\/uploads\/2021\/05\/Dr_Peralta.jpg 1732w\" sizes=\"auto, (max-width: 1024px) 100vw, 1024px\" \/><\/figure>\n\n\n\n<figure class=\"wp-block-image size-large\"><img loading=\"lazy\" decoding=\"async\" width=\"1000\" height=\"666\" src=\"https:\/\/tvc16.com\/portal\/wp-content\/uploads\/2021\/05\/eduardo.jpeg\" alt=\"\" class=\"wp-image-14174\" srcset=\"https:\/\/tvc16.com\/portal\/wp-content\/uploads\/2021\/05\/eduardo.jpeg 1000w, https:\/\/tvc16.com\/portal\/wp-content\/uploads\/2021\/05\/eduardo-300x200.jpeg 300w, https:\/\/tvc16.com\/portal\/wp-content\/uploads\/2021\/05\/eduardo-768x511.jpeg 768w, https:\/\/tvc16.com\/portal\/wp-content\/uploads\/2021\/05\/eduardo-900x600.jpeg 900w\" sizes=\"auto, (max-width: 1000px) 100vw, 1000px\" \/><\/figure>\n","protected":false},"excerpt":{"rendered":"<p>A fiscaliza\u00e7\u00e3o dos vereadores Eduardo do Blog (REP) e Dr. Mauro Peralta (PRTB) no Centro<\/p>\n","protected":false},"author":2,"featured_media":14175,"comment_status":"open","ping_status":"open","sticky":false,"template":"","format":"standard","meta":{"footnotes":""},"categories":[12],"tags":[],"class_list":["post-14172","post","type-post","status-publish","format-standard","has-post-thumbnail","hentry","category-cidade"],"_links":{"self":[{"href":"https:\/\/tvc16.com\/portal\/wp-json\/wp\/v2\/posts\/14172","targetHints":{"allow":["GET"]}}],"collection":[{"href":"https:\/\/tvc16.com\/portal\/wp-json\/wp\/v2\/posts"}],"about":[{"href":"https:\/\/tvc16.com\/portal\/wp-json\/wp\/v2\/types\/post"}],"author":[{"embeddable":true,"href":"https:\/\/tvc16.com\/portal\/wp-json\/wp\/v2\/users\/2"}],"replies":[{"embeddable":true,"href":"https:\/\/tvc16.com\/portal\/wp-json\/wp\/v2\/comments?post=14172"}],"version-history":[{"count":2,"href":"https:\/\/tvc16.com\/portal\/wp-json\/wp\/v2\/posts\/14172\/revisions"}],"predecessor-version":[{"id":14177,"href":"https:\/\/tvc16.com\/portal\/wp-json\/wp\/v2\/posts\/14172\/revisions\/14177"}],"wp:featuredmedia":[{"embeddable":true,"href":"https:\/\/tvc16.com\/portal\/wp-json\/wp\/v2\/media\/14175"}],"wp:attachment":[{"href":"https:\/\/tvc16.com\/portal\/wp-json\/wp\/v2\/media?parent=14172"}],"wp:term":[{"taxonomy":"category","embeddable":true,"href":"https:\/\/tvc16.com\/portal\/wp-json\/wp\/v2\/categories?post=14172"},{"taxonomy":"post_tag","embeddable":true,"href":"https:\/\/tvc16.com\/portal\/wp-json\/wp\/v2\/tags?post=14172"}],"curies":[{"name":"wp","href":"https:\/\/api.w.org\/{rel}","templated":true}]}}