{"id":14178,"date":"2021-05-08T19:51:00","date_gmt":"2021-05-08T22:51:00","guid":{"rendered":"https:\/\/tvc16.com\/portal\/?p=14178"},"modified":"2021-05-08T19:51:03","modified_gmt":"2021-05-08T22:51:03","slug":"comercio-deve-lucrar-r24-bilhoes-no-dia-das-maes","status":"publish","type":"post","link":"https:\/\/tvc16.com\/portal\/2021\/05\/08\/comercio-deve-lucrar-r24-bilhoes-no-dia-das-maes\/","title":{"rendered":"Com\u00e9rcio deve lucrar R$24 bilh\u00f5es no Dia das M\u00e3es"},"content":{"rendered":"\n<p>Expectativa \u00e9 de que 122,9 milh\u00f5es de brasileiros fa\u00e7am compras no Dia das M\u00e3es. Valor gasto por pessoa ser\u00e1 em torno de R$197<\/p>\n\n\n\n<p>O Dia das M\u00e3es est\u00e1 se aproximando e muitos come\u00e7aram a ir \u00e0s compras para presente\u00e1-las. O com\u00e9rcio pode se animar, pois de acordo com o<a href=\"http:\/\/http:\/\/cndl.rds.land\/pesquisa-intencao-de-compras-dia-das-maes-2021\"> levantamento<\/a> realizado pela Confedera\u00e7\u00e3o Nacional de Dirigentes Lojistas (CNDL), a expectativa \u00e9 de que 122,9 milh\u00f5es de brasileiros injetem R$ 24,3 bilh\u00f5es no segmento.<\/p>\n\n\n\n<p>Comparado ao ano anterior, estima-se que, aproximadamente, 10% a mais de consumidores deve presentear n\u00e3o s\u00f3 a m\u00e3e, como tamb\u00e9m a sogra, esposa, av\u00f3, irm\u00e3 e tia. Segundo o gerente executivo da CNDL, Daniel Sakamoto, a data \u00e9 uma das que mais movimentam a economia e pode amenizar os impactos da pandemia aos lojistas. \u201cO Dia das M\u00e3es \u00e9 o segundo momento de maior volume de vendas do com\u00e9rcio brasileiro, ficando atr\u00e1s apenas do Natal. Ent\u00e3o acreditamos que o empres\u00e1rio lojista tem motivos para comemorar\u201d, diz<\/p>\n\n\n\n<p>Mesmo os n\u00fameros sendo animadores, os consumidores pretendem economizar na hora de adquirir os presentes. Entre os que v\u00e3o gastar menos, 40% citaram o cen\u00e1rio econ\u00f4mico pior que no \u00faltimo ano, 37% disseram que est\u00e3o com o or\u00e7amento apertado, 28% mencionaram as incertezas quanto \u00e0 situa\u00e7\u00e3o econ\u00f4mica e finan\u00e7as pessoais e 24% querem economizar.<\/p>\n\n\n\n<p>A m\u00e9dia \u00e9 que os brasileiros adquiram dois presentes cada, gastando um total de R$197. Dos entrevistados, 27% pretendem gastar de R$51 a R$100, e dos que pretendem gastar mais de R$400, o \u00edndice chega a 18,5% quando comparado a 2020 (7%).<\/p>\n\n\n\n<p>Para a data n\u00e3o passar em branco, a mestra em educa\u00e7\u00e3o, Rozana Maria de Lima, disse que vai presentear a m\u00e3e com algo mais barato. \u201cVou comprar algo simples, uma lembrancinha, at\u00e9 porque o cen\u00e1rio econ\u00f4mico e as incertezas quanto \u00e0 estabilidade empregat\u00edcia acabam impactando na compra de itens mais caros\u201d, disse.<\/p>\n\n\n\n<p>Entre os itens que mais ser\u00e3o presenteados est\u00e3o roupas, cosm\u00e9ticos, chocolates, flores e maquiagens, com destaque para o perfume, que teve aumento de 7 pontos percentuais na compara\u00e7\u00e3o de 2020.&nbsp;<\/p>\n\n\n\n<figure class=\"wp-block-image\"><img decoding=\"async\" src=\"\/\/s3-sa-east-1.amazonaws.com\/agencia-radio-arb\/4065\/content_Arte_itens.jpeg\" alt=\"\" title=\"Arte: BR 61 - Fonte: CNDL\"\/><\/figure>\n\n\n\n<p>Para adquirir os presentes, a pesquisa aponta que 69% pretendem comprar em loja f\u00edsica e 56,8% de forma online. \u201cTradicionalmente o brasileiro gosta de compras em loja f\u00edsica, seja de shopping ou loja de rua. Durante a pandemia, houve um aumento da procura pelo com\u00e9rcio eletr\u00f4nico, mas ele ainda n\u00e3o \u00e9 a prefer\u00eancia do brasileiro. O brasileiro prefere mesmo o modo tradicional de fazer compras\u201d, explica Sakamoto.<\/p>\n\n\n\n<p>Com as compras presenciais e riscos de aglomera\u00e7\u00f5es, a Confedera\u00e7\u00e3o Nacional de Dirigentes Lojistas (CNDL) incentiva os lojistas a adotarem os protocolos de seguran\u00e7a como distanciamento social e uso de \u00e1lcool em gel para que as compras f\u00edsicas sejam seguras.&nbsp;<\/p>\n\n\n\n<h2 class=\"wp-block-heading\">Pesquisa de pre\u00e7os gera economia<\/h2>\n\n\n\n<p>A diferen\u00e7a de pre\u00e7o nos produtos costuma variar bastante de uma loja para outra, por isso, 81% das pessoas pretendem pesquisar valores para economizar na hora de escolher o presente. Seja pela internet (81%), sites\/aplicativos (70%) ou nas redes sociais (43%). J\u00e1 65% fazem pesquisa sem o uso da internet, principalmente nos shoppings (40%), em lojas de rua (31%) e atrav\u00e9s de panfletos dos com\u00e9rcios (16%).&nbsp;<\/p>\n\n\n\n<p>Os sites e aplicativos mais utilizados para pesquisar pre\u00e7o s\u00e3o os de lojas varejistas (78%), os buscadores (63%) e os de compara\u00e7\u00e3o de pre\u00e7os (47%).&nbsp;<\/p>\n\n\n\n<p>Na hora de escolher o local de compra dos presentes, 45% s\u00e3o influenciados pelo pre\u00e7o, 36% por promo\u00e7\u00f5es e descontos, 35% pela qualidade dos produtos e 29% pelo frete gr\u00e1tis.<\/p>\n\n\n\n<p>\u201cO importante \u00e9 pesquisar. O brasileiro est\u00e1 se acostumando a utilizar essas ferramentas de pesquisa dispon\u00edveis na internet, sejam sites ou aplicativos, porque a varia\u00e7\u00e3o de pre\u00e7o de uma loja para outra costuma mudar bastante\u201d, destaca Sakamoto.<\/p>\n\n\n\n<p>O gerente executivo da CNDL pontua ainda que al\u00e9m da pesquisa, \u00e9 importante ficar atento ao or\u00e7amento dispon\u00edvel para n\u00e3o se endividar. \u201cO or\u00e7amento que voc\u00ea tem deve ser cuidado para que n\u00e3o sejam criadas d\u00edvidas nesse momento. Sabemos que, \u00e0s vezes, a vontade de presentear a m\u00e3e \u00e9 maior, mas n\u00e3o \u00e9 o momento de criar d\u00edvidas. Ent\u00e3o cuide do seu dinheiro.\u201d<\/p>\n\n\n\n<figure class=\"wp-block-image\"><img decoding=\"async\" src=\"\/\/s3-sa-east-1.amazonaws.com\/agencia-radio-arb\/4066\/content_Olho_Sakamoto.jpeg\" alt=\"\" title=\"Arte: BR 61\"\/><\/figure>\n\n\n\n<p>A pesquisa revelou que 33% das pessoas costumam gastar mais do que podem com as compras para o Dia Das M\u00e3es, 13% reconhecem que deixam de pagar alguma conta para comprar o presente e 30% dos que pretendem presentear possuem contas em atraso e, destes, 64% est\u00e3o com o nome sujo atualmente.<\/p>\n\n\n\n<p>Em rela\u00e7\u00e3o ao Dia das M\u00e3es do ano passado, 13,1% dos entrevistados revelaram que est\u00e3o com o nome sujo por comprar presentes, sendo que 5% j\u00e1 regularizaram a situa\u00e7\u00e3o (principalmente entre as classes C\/D\/E), e 7,6% ainda est\u00e3o negativados.<\/p>\n\n\n\n<h2 class=\"wp-block-heading\">Mesmo na pandemia a tradi\u00e7\u00e3o continua&nbsp;<\/h2>\n\n\n\n<p>Com o afrouxamento do isolamento social em alguns estados, o local da comemora\u00e7\u00e3o da data dever\u00e1 seguir a tradi\u00e7\u00e3o para a maioria dos brasileiros: 41% dos entrevistados planejam comemorar na casa da m\u00e3e, o que representa aumento de 8% comparado a 2020, 36% v\u00e3o permanecer em sua resid\u00eancia, e 8% v\u00e3o comemorar \u00e0 dist\u00e2ncia, atrav\u00e9s de v\u00eddeo chamada ou telefone.<\/p>\n\n\n\n<p>Para manter a seguran\u00e7a da m\u00e3e que ainda n\u00e3o foi vacinada contra a Covid-19, a publicit\u00e1ria Anne Bonatto vai comemorar a data por chamada de v\u00eddeo com a matriarca da fam\u00edlia, que mora em Campo Grande (MS). \u201cVai ser de forma online porque n\u00e3o conseguimos viajar at\u00e9 ela para fazer essa comemora\u00e7\u00e3o e n\u00e3o \u00e9 muito seguro. M\u00eas que vem minha m\u00e3e ser\u00e1 vacinada e estou ansiosa com essa preven\u00e7\u00e3o, pois fico super preocupada com os meus pais.\u201d<\/p>\n\n\n\n<p>Para que a m\u00e3e de Anne receba ainda mais o carinho da filha, a publicit\u00e1ria enviar\u00e1 pelos Correios, de Bras\u00edlia, uma camiseta com frases que a m\u00e3e falava em sua inf\u00e2ncia. A empresa que cria esses produtos com frases que representam as m\u00e3es, preparou tudo para a data que mais movimenta o com\u00e9rcio.&nbsp;<\/p>\n\n\n\n<p>\u201cJ\u00e1 nos preparamos para o Dia das M\u00e3es e esperamos que as vendas cres\u00e7am. Tem uma busca por essas frases que enaltecem as m\u00e3es, que s\u00e3o grandes exemplos para toda a nossa cria\u00e7\u00e3o e forma\u00e7\u00e3o de personalidade. Preparamos algumas camisetas que mostram de forma leve e divertida o que \u00e9 ser m\u00e3e\u201d, explicou a empres\u00e1ria Fernanda Sales.<\/p>\n\n\n\n<p>Durante datas comemorativas e, principalmente, no per\u00edodo da pandemia, a empresa tem feito as entregas dos produtos para evitar que as pessoas precisem sair de casa. \u201cMuitas vezes as pessoas querem dar um presente para algu\u00e9m que mora em Bras\u00edlia, ou que mora em outra cidade e nos faz esse pedido. A gente pega um cart\u00e3o especial, seja dia de anivers\u00e1rio, seja por alguma outra data e j\u00e1 entregamos direto evitando o contato entre a pessoa que est\u00e1 dando o presente e a que ser\u00e1 presenteada.\u201d<\/p>\n\n\n\n<p><img decoding=\"async\" alt=\"\" src=\"\/\/s3-sa-east-1.amazonaws.com\/agencia-radio-arb\/4067\/content_FOTO_ILUSTRATIVA.jpeg\"><br><br>Para as pessoas que ir\u00e3o comemorar a data na casa das m\u00e3es, o m\u00e9dico infectologista Werciley Vieira Junior recomenda que sejam evitadas grandes aglomera\u00e7\u00f5es e a retirada de m\u00e1scaras, al\u00e9m de manter certo distanciamento de outras pessoas que n\u00e3o s\u00e3o do conv\u00edvio di\u00e1rio e higiene das m\u00e3os o tempo todo. \u201cNo mundo ideal, se a gente pudesse, antes de qualquer evento social, ou encontro, fazer um teste PCR, ou de ant\u00edgeno, para sabermos se somos portadores ou n\u00e3o do v\u00edrus, seria uma maravilha.\u201d<\/p>\n\n\n\n<p>Mas segundo o infectologista, o ideal seria evitar a comemora\u00e7\u00e3o presencial no Dia das M\u00e3es. \u201cSe poss\u00edvel, evitar. Porque sabemos que a popula\u00e7\u00e3o mais idosa \u00e9 mais fragilizada. Ent\u00e3o, se ele estiver em fator de risco, n\u00e3o \u00e9 recomendado a realiza\u00e7\u00e3o de eventos ainda, porque sabemos que \u00e9 uma doen\u00e7a em que 85% das vezes ocorre de forma leve, mas 15% podem ter formas graves e por isso as pessoas podem n\u00e3o resistir a essa doen\u00e7a\u201d, recomenda o m\u00e9dico.<\/p>\n\n\n\n<p>Mesmo com a m\u00e3e vacinada, a mestra em educa\u00e7\u00e3o, Rozana Maria de Lima, disse que por mais um ano vai comemorar a data longe da fam\u00edlia. \u201cAinda n\u00e3o \u00e9 o momento para aglomera\u00e7\u00f5es em fam\u00edlia, mesmo sendo uma data t\u00e3o simb\u00f3lica como \u00e9 o Dia das M\u00e3es. O cuidado deve ser mantido para evitar problemas futuros em rela\u00e7\u00e3o ao cont\u00e1gio da Covid-19\u201d, conclui a mestra.<\/p>\n\n\n\n<p>Fonte: <a href=\"https:\/\/brasil61.com\/n\/comercio-deve-lucrar-r-24-bilhoes-no-dia-das-maes-bras214853?email=bethdeoliveira@yahoo.com.br&amp;utm_source=newsletter&amp;utm_medium=newsletter&amp;utm_campaign=newsletter\" target=\"_blank\" rel=\"noreferrer noopener\">Brasil 61<\/a><\/p>\n","protected":false},"excerpt":{"rendered":"<p>Expectativa \u00e9 de que 122,9 milh\u00f5es de brasileiros fa\u00e7am compras no Dia das M\u00e3es. Valor<\/p>\n","protected":false},"author":2,"featured_media":14180,"comment_status":"open","ping_status":"open","sticky":false,"template":"","format":"standard","meta":{"footnotes":""},"categories":[17],"tags":[],"class_list":["post-14178","post","type-post","status-publish","format-standard","has-post-thumbnail","hentry","category-outras-noticias"],"_links":{"self":[{"href":"https:\/\/tvc16.com\/portal\/wp-json\/wp\/v2\/posts\/14178","targetHints":{"allow":["GET"]}}],"collection":[{"href":"https:\/\/tvc16.com\/portal\/wp-json\/wp\/v2\/posts"}],"about":[{"href":"https:\/\/tvc16.com\/portal\/wp-json\/wp\/v2\/types\/post"}],"author":[{"embeddable":true,"href":"https:\/\/tvc16.com\/portal\/wp-json\/wp\/v2\/users\/2"}],"replies":[{"embeddable":true,"href":"https:\/\/tvc16.com\/portal\/wp-json\/wp\/v2\/comments?post=14178"}],"version-history":[{"count":1,"href":"https:\/\/tvc16.com\/portal\/wp-json\/wp\/v2\/posts\/14178\/revisions"}],"predecessor-version":[{"id":14181,"href":"https:\/\/tvc16.com\/portal\/wp-json\/wp\/v2\/posts\/14178\/revisions\/14181"}],"wp:featuredmedia":[{"embeddable":true,"href":"https:\/\/tvc16.com\/portal\/wp-json\/wp\/v2\/media\/14180"}],"wp:attachment":[{"href":"https:\/\/tvc16.com\/portal\/wp-json\/wp\/v2\/media?parent=14178"}],"wp:term":[{"taxonomy":"category","embeddable":true,"href":"https:\/\/tvc16.com\/portal\/wp-json\/wp\/v2\/categories?post=14178"},{"taxonomy":"post_tag","embeddable":true,"href":"https:\/\/tvc16.com\/portal\/wp-json\/wp\/v2\/tags?post=14178"}],"curies":[{"name":"wp","href":"https:\/\/api.w.org\/{rel}","templated":true}]}}