{"id":14200,"date":"2021-05-09T13:28:30","date_gmt":"2021-05-09T16:28:30","guid":{"rendered":"https:\/\/tvc16.com\/portal\/?p=14200"},"modified":"2021-05-09T13:28:33","modified_gmt":"2021-05-09T16:28:33","slug":"prefeitura-formaliza-denominacao-da-quadra-tatiane-brand-de-castro-no-bairro-simeria","status":"publish","type":"post","link":"https:\/\/tvc16.com\/portal\/2021\/05\/09\/prefeitura-formaliza-denominacao-da-quadra-tatiane-brand-de-castro-no-bairro-simeria\/","title":{"rendered":"Prefeitura formaliza denomina\u00e7\u00e3o da quadra Tatiane Brand de Castro, no bairro Sim\u00e9ria"},"content":{"rendered":"\n<p><\/p>\n\n\n\n<p>O prefeito interino Hingo Hammes e o secret\u00e1rio de Esportes, Promo\u00e7\u00e3o da Sa\u00fade, Juventude, Idoso e Lazer, Leandro Kronemberger, formalizaram na manh\u00e3 deste s\u00e1bado (08) a denomina\u00e7\u00e3o da quadra de esportes Tatiane Brand de Castro, localizada na Rua Presidente Sodr\u00e9, no bairro Sim\u00e9ria. A denomina\u00e7\u00e3o foi aprovada pela C\u00e2mara Municipal no ano passado, por iniciativa do pr\u00f3prio Hammes, e transformou-se na Lei 8.033\/2020, ap\u00f3s a san\u00e7\u00e3o pelo Poder Executivo.<br>Assim como diversas outras quadras de esportes do mun\u00edcipio, a do bairro foi recentemente recuperada pela Prefeitura. Todo o gradil foi recuperado, com a solda das partes tubulares que estavam deterioradas, e pintado. A quadra ganhou tamb\u00e9m uma cobertura de tela em toda a sua extens\u00e3o e o pavimento recebeu melhorias com a aplica\u00e7\u00e3o de p\u00f3 de pedra. Os trabalhos, realizados pela Comdep, ficaram prontos esta semana.<\/p>\n","protected":false},"excerpt":{"rendered":"<p>O prefeito interino Hingo Hammes e o secret\u00e1rio de Esportes, Promo\u00e7\u00e3o da Sa\u00fade, Juventude, Idoso<\/p>\n","protected":false},"author":2,"featured_media":14201,"comment_status":"open","ping_status":"open","sticky":false,"template":"","format":"standard","meta":{"footnotes":""},"categories":[12],"tags":[],"class_list":["post-14200","post","type-post","status-publish","format-standard","has-post-thumbnail","hentry","category-cidade"],"_links":{"self":[{"href":"https:\/\/tvc16.com\/portal\/wp-json\/wp\/v2\/posts\/14200","targetHints":{"allow":["GET"]}}],"collection":[{"href":"https:\/\/tvc16.com\/portal\/wp-json\/wp\/v2\/posts"}],"about":[{"href":"https:\/\/tvc16.com\/portal\/wp-json\/wp\/v2\/types\/post"}],"author":[{"embeddable":true,"href":"https:\/\/tvc16.com\/portal\/wp-json\/wp\/v2\/users\/2"}],"replies":[{"embeddable":true,"href":"https:\/\/tvc16.com\/portal\/wp-json\/wp\/v2\/comments?post=14200"}],"version-history":[{"count":1,"href":"https:\/\/tvc16.com\/portal\/wp-json\/wp\/v2\/posts\/14200\/revisions"}],"predecessor-version":[{"id":14202,"href":"https:\/\/tvc16.com\/portal\/wp-json\/wp\/v2\/posts\/14200\/revisions\/14202"}],"wp:featuredmedia":[{"embeddable":true,"href":"https:\/\/tvc16.com\/portal\/wp-json\/wp\/v2\/media\/14201"}],"wp:attachment":[{"href":"https:\/\/tvc16.com\/portal\/wp-json\/wp\/v2\/media?parent=14200"}],"wp:term":[{"taxonomy":"category","embeddable":true,"href":"https:\/\/tvc16.com\/portal\/wp-json\/wp\/v2\/categories?post=14200"},{"taxonomy":"post_tag","embeddable":true,"href":"https:\/\/tvc16.com\/portal\/wp-json\/wp\/v2\/tags?post=14200"}],"curies":[{"name":"wp","href":"https:\/\/api.w.org\/{rel}","templated":true}]}}