{"id":14203,"date":"2021-05-09T15:23:39","date_gmt":"2021-05-09T18:23:39","guid":{"rendered":"https:\/\/tvc16.com\/portal\/?p=14203"},"modified":"2021-05-09T15:23:43","modified_gmt":"2021-05-09T18:23:43","slug":"nova-iguacu-vacina-na-proxima-semana-pessoas-de-40-a-51-anos-com-comorbidades-e-gestantes-puerperas-e-lactantes-acima-de-18-anos","status":"publish","type":"post","link":"https:\/\/tvc16.com\/portal\/2021\/05\/09\/nova-iguacu-vacina-na-proxima-semana-pessoas-de-40-a-51-anos-com-comorbidades-e-gestantes-puerperas-e-lactantes-acima-de-18-anos\/","title":{"rendered":"Nova Igua\u00e7u vacina, na pr\u00f3xima semana, pessoas de 40 a 51 anos com comorbidades e gestantes, pu\u00e9rperas e lactantes acima de 18 anos"},"content":{"rendered":"\n<p><br>\u00a0<br>A Prefeitura de Nova Igua\u00e7u j\u00e1 definiu seu calend\u00e1rio de vacina\u00e7\u00e3o contra a Covid-19 para a pr\u00f3xima semana. Ser\u00e3o imunizados homens e mulheres com idade entre 40 e 51 anos que estejam no grupo de comorbidades \u00a0e gestantes, pu\u00e9rperas (mulheres no per\u00edodo p\u00f3s-parto) e lactantes (mulheres que amamentam) acima de 18 anos que tenham alguma comorbidade comprovada.<br>\u00a0<br>De acordo com a decis\u00e3o do Supremo Tribunal Federal, a Secretaria Municipal de Sa\u00fade suspende, a partir desta segunda-feira (10), a vacina\u00e7\u00e3o de profissionais da educa\u00e7\u00e3o.<br>\u00a0<br>A vacina\u00e7\u00e3o ter\u00e1 in\u00edcio, nesta segunda-feira (10), por homens e mulheres de 51 e 50 anos. Na ter\u00e7a-feira (11), ser\u00e1 a vez de homens e mulheres de 49 e 48 anos. Na quarta-feira (12), homens e mulheres de 47 e 46 anos ser\u00e3o imunizados. Na quinta-feira (13), os homens e mulheres de 45 e 44 anos. Homens e mulheres de 43 e 42 anos ser\u00e3o vacinados na sexta-feira (14). No s\u00e1bado (15), homens e mulheres de 41 e 40 anos poder\u00e3o procurar um dos pontos de vacina\u00e7\u00e3o.<br>\u00a0<br>Ambos os g\u00eaneros devem se vacinar no mesmo dia, de acordo com as idades, por\u00e9m em hor\u00e1rios diferentes. De segunda a sexta-feira, mulheres se vacinar\u00e3o de 8h30 \u00e0s 13h, e homens de 13h \u00e0s 16h. Aos s\u00e1bados, as mulheres ser\u00e3o imunizadas entre 8h30 e 11h, enquanto os homens receber\u00e3o as doses das 11h \u00e0s 14h.<br>\u00a0<br>A vacina\u00e7\u00e3o em gestantes poder\u00e1 ocorrer independentemente da idade gestacional. Dever\u00e1 ser respeitado o intervalo de no m\u00ednimo 14 dias entre a vacina Influenza (da gripe) e\/ou outra vacina do calend\u00e1rio de vacina\u00e7\u00e3o da gestante, e a vacina contra Covid-19. Para serem vacinadas, \u00e9 preciso apresentar relat\u00f3rio m\u00e9dico especificando a comorbidade pertencente; documento de Identidade com foto; CPF ou Cart\u00e3o Nacional de Sa\u00fade e comprovante de resid\u00eancia. Pu\u00e9rperas com at\u00e9 45 dias p\u00f3s-parto, devem levar a certid\u00e3o de nascimento do beb\u00ea.<br>\u00a0<br>Os pertencentes ao grupo de comorbidades s\u00e3o portadores de diabetes, pneumopatias cr\u00f4nicas graves, hipertens\u00e3o arterial (est\u00e1gios 1,2 e 3), insufici\u00eancia card\u00edaca, hipertens\u00e3o pulmonar, cardiopatia hipertensiva, s\u00edndromes coronarianas, valvopatias, miocardiopatias, pericardiopatias, arritmias card\u00edacas, cardiopatias cong\u00eanitas no adulto, doen\u00e7a cerebrovascular, doen\u00e7a renal cr\u00f4nica, imunossuprimidos, anemia falciforme, obesidade m\u00f3rbida, s\u00edndrome de Down, cirrose hep\u00e1tica, portadores de pr\u00f3teses valores, portadores de dispositivos card\u00edacos implantados, al\u00e9m de doen\u00e7a da aorta, dos grandes vasos e f\u00edstulas arteriovenosas.<br>\u00a0<br>Para serem vacinados, \u00e9 preciso apresentar comprovante assinado por m\u00e9dico, contendo assinatura e registro no conselho de Classe, que demonstre pertencer a um destes grupos de comorbidades; documento de Identidade com foto; CPF ou Cart\u00e3o Nacional de Sa\u00fade; Comprovante de resid\u00eancia e tr\u00eas \u00faltimas receitas, com validade m\u00e1xima de 12 meses.<br>\u00a0<br>Pessoas que foram vacinadas com a primeira dose da AstraZeneca (cart\u00e3o laranja) poder\u00e3o completar a imuniza\u00e7\u00e3o conforme agendamento para retorno no cart\u00e3o de vacina\u00e7\u00e3o, respeitando os hor\u00e1rios e divis\u00e3o de g\u00eanero. A vacina\u00e7\u00e3o com a Coronavac\/Sinovac (cart\u00e3o azul) acontecer\u00e1 quando o munic\u00edpio receber novos lotes do Governo Estadual.<br>\u00a0<br>Os profissionais de sa\u00fade com a idade de 26 anos ou mais, idosos acima de 60 anos e pessoas com comorbidade acima de 52 anos que ainda n\u00e3o se vacinaram devem comparecer a qualquer ponto de vacina\u00e7\u00e3o com os documentos necess\u00e1rios, cumprindo o hor\u00e1rio e separa\u00e7\u00e3o de g\u00eaneros.<br>\u00a0<br>O hor\u00e1rio de funcionamento da campanha \u00e9 das 8h30 \u00e0s 16h, com exce\u00e7\u00e3o aos s\u00e1bados, que vai at\u00e9 \u00e0s 14h. A lista completa com os endere\u00e7os dos 22 pontos de vacina\u00e7\u00e3o contra a Covid-19 e o calend\u00e1rio de imuniza\u00e7\u00e3o est\u00e3o em:\u00a0<a rel=\"noreferrer noopener\" target=\"_blank\" href=\"http:\/\/www.novaiguacu.rj.gov.br\/semus\/vacinacao-covid\/calendario\/\">www.novaiguacu.rj.gov.br\/semus\/vacinacao-covid\/calendario\/<\/a><\/p>\n","protected":false},"excerpt":{"rendered":"<p>\u00a0A Prefeitura de Nova Igua\u00e7u j\u00e1 definiu seu calend\u00e1rio de vacina\u00e7\u00e3o contra a Covid-19 para<\/p>\n","protected":false},"author":2,"featured_media":14204,"comment_status":"open","ping_status":"open","sticky":false,"template":"","format":"standard","meta":{"footnotes":""},"categories":[17],"tags":[],"class_list":["post-14203","post","type-post","status-publish","format-standard","has-post-thumbnail","hentry","category-outras-noticias"],"_links":{"self":[{"href":"https:\/\/tvc16.com\/portal\/wp-json\/wp\/v2\/posts\/14203","targetHints":{"allow":["GET"]}}],"collection":[{"href":"https:\/\/tvc16.com\/portal\/wp-json\/wp\/v2\/posts"}],"about":[{"href":"https:\/\/tvc16.com\/portal\/wp-json\/wp\/v2\/types\/post"}],"author":[{"embeddable":true,"href":"https:\/\/tvc16.com\/portal\/wp-json\/wp\/v2\/users\/2"}],"replies":[{"embeddable":true,"href":"https:\/\/tvc16.com\/portal\/wp-json\/wp\/v2\/comments?post=14203"}],"version-history":[{"count":1,"href":"https:\/\/tvc16.com\/portal\/wp-json\/wp\/v2\/posts\/14203\/revisions"}],"predecessor-version":[{"id":14205,"href":"https:\/\/tvc16.com\/portal\/wp-json\/wp\/v2\/posts\/14203\/revisions\/14205"}],"wp:featuredmedia":[{"embeddable":true,"href":"https:\/\/tvc16.com\/portal\/wp-json\/wp\/v2\/media\/14204"}],"wp:attachment":[{"href":"https:\/\/tvc16.com\/portal\/wp-json\/wp\/v2\/media?parent=14203"}],"wp:term":[{"taxonomy":"category","embeddable":true,"href":"https:\/\/tvc16.com\/portal\/wp-json\/wp\/v2\/categories?post=14203"},{"taxonomy":"post_tag","embeddable":true,"href":"https:\/\/tvc16.com\/portal\/wp-json\/wp\/v2\/tags?post=14203"}],"curies":[{"name":"wp","href":"https:\/\/api.w.org\/{rel}","templated":true}]}}