{"id":14206,"date":"2021-05-09T18:32:47","date_gmt":"2021-05-09T21:32:47","guid":{"rendered":"https:\/\/tvc16.com\/portal\/?p=14206"},"modified":"2021-05-09T18:32:51","modified_gmt":"2021-05-09T21:32:51","slug":"em-petropolis-uma-acao-para-impedir-o-comercio-ilegal-de-ambulantes-terminou-com-a-apreensao-de-751-produtos-neste-sabado-08","status":"publish","type":"post","link":"https:\/\/tvc16.com\/portal\/2021\/05\/09\/em-petropolis-uma-acao-para-impedir-o-comercio-ilegal-de-ambulantes-terminou-com-a-apreensao-de-751-produtos-neste-sabado-08\/","title":{"rendered":"Em Petr\u00f3polis, uma a\u00e7\u00e3o para impedir o com\u00e9rcio ilegal de ambulantes terminou com a apreens\u00e3o de 751 produtos neste s\u00e1bado (08)"},"content":{"rendered":"\n<p><\/p>\n\n\n\n<p>Segundo a assessoria de comunica\u00e7\u00e3o da prefeitura, os camel\u00f4s n\u00e3o eram regularizados e a mercadoria n\u00e3o possu\u00eda nota fiscal. A opera\u00e7\u00e3o, realizada pela Fiscaliza\u00e7\u00e3o de Posturas em conjunto com a Guarda Civil, Pol\u00edcia Militar, Assist\u00eancia Social e o Conselho Tutelar, foi refor\u00e7ada pelo poder p\u00fablico nas \u00faltimas semanas com o objetivo tamb\u00e9m de verificar a presen\u00e7a de menores.<\/p>\n\n\n\n<p>Entre os produtos apreendidos est\u00e3o m\u00e1scaras, pares de meia, vasos de plantas e acess\u00f3rios eletr\u00f4nicos. A mercadoria apreendida pelos agentes foi levada para o dep\u00f3sito da Fiscaliza\u00e7\u00e3o de Posturas e ser\u00e1 descartada. Segundo a secret\u00e1ria de Servi\u00e7os, Seguran\u00e7a e Ordem P\u00fablica (SSOP), Karina Bronzo, os camel\u00f4s s\u00e3o, na maioria das vezes, de outros munic\u00edpios.<\/p>\n\n\n\n<p>&#8220;S\u00e3o pessoas de outras cidades, a maioria delas, da Baixada Fluminense. Estamos trabalhando para garantir o cumprimento das regras do munic\u00edpio, assim como a seguran\u00e7a dos petropolitanos&#8221;, disse Karina.<\/p>\n\n\n\n<p>Com o apoio do Conselho Tutelar, a a\u00e7\u00e3o busca a prote\u00e7\u00e3o \u00e0s crian\u00e7as e adolescentes que est\u00e3o sendo negligenciados por adultos e sendo usados para vender drogas e balas. &#8220;Estamos realizando a\u00e7\u00f5es rotineiras. A popula\u00e7\u00e3o pode ligar e registrar a den\u00fancia&#8221;, completa Karina. Os telefones s\u00e3o o 153 ou (24) 2246-9257 (Guarda Civil) ou Fiscaliza\u00e7\u00e3o de Posturas (24) 2246-9042 ou 2246-9043.<\/p>\n","protected":false},"excerpt":{"rendered":"<p>Segundo a assessoria de comunica\u00e7\u00e3o da prefeitura, os camel\u00f4s n\u00e3o eram regularizados e a mercadoria<\/p>\n","protected":false},"author":2,"featured_media":14207,"comment_status":"open","ping_status":"open","sticky":false,"template":"","format":"standard","meta":{"footnotes":""},"categories":[12],"tags":[],"class_list":["post-14206","post","type-post","status-publish","format-standard","has-post-thumbnail","hentry","category-cidade"],"_links":{"self":[{"href":"https:\/\/tvc16.com\/portal\/wp-json\/wp\/v2\/posts\/14206","targetHints":{"allow":["GET"]}}],"collection":[{"href":"https:\/\/tvc16.com\/portal\/wp-json\/wp\/v2\/posts"}],"about":[{"href":"https:\/\/tvc16.com\/portal\/wp-json\/wp\/v2\/types\/post"}],"author":[{"embeddable":true,"href":"https:\/\/tvc16.com\/portal\/wp-json\/wp\/v2\/users\/2"}],"replies":[{"embeddable":true,"href":"https:\/\/tvc16.com\/portal\/wp-json\/wp\/v2\/comments?post=14206"}],"version-history":[{"count":1,"href":"https:\/\/tvc16.com\/portal\/wp-json\/wp\/v2\/posts\/14206\/revisions"}],"predecessor-version":[{"id":14208,"href":"https:\/\/tvc16.com\/portal\/wp-json\/wp\/v2\/posts\/14206\/revisions\/14208"}],"wp:featuredmedia":[{"embeddable":true,"href":"https:\/\/tvc16.com\/portal\/wp-json\/wp\/v2\/media\/14207"}],"wp:attachment":[{"href":"https:\/\/tvc16.com\/portal\/wp-json\/wp\/v2\/media?parent=14206"}],"wp:term":[{"taxonomy":"category","embeddable":true,"href":"https:\/\/tvc16.com\/portal\/wp-json\/wp\/v2\/categories?post=14206"},{"taxonomy":"post_tag","embeddable":true,"href":"https:\/\/tvc16.com\/portal\/wp-json\/wp\/v2\/tags?post=14206"}],"curies":[{"name":"wp","href":"https:\/\/api.w.org\/{rel}","templated":true}]}}