{"id":14212,"date":"2021-05-09T19:15:19","date_gmt":"2021-05-09T22:15:19","guid":{"rendered":"https:\/\/tvc16.com\/portal\/?p=14212"},"modified":"2021-05-09T19:15:28","modified_gmt":"2021-05-09T22:15:28","slug":"a-fundacao-cecierj-abre-nesta-segunda-feira-10-as-inscricoes-para-o-preenchimento-de-6-155-vagas-para-o-curso-extensivo-do-pre-vestibular-social-pvs","status":"publish","type":"post","link":"https:\/\/tvc16.com\/portal\/2021\/05\/09\/a-fundacao-cecierj-abre-nesta-segunda-feira-10-as-inscricoes-para-o-preenchimento-de-6-155-vagas-para-o-curso-extensivo-do-pre-vestibular-social-pvs\/","title":{"rendered":"A Funda\u00e7\u00e3o Cecierj abre, nesta segunda-feira (10) as inscri\u00e7\u00f5es para o preenchimento de 6.155 vagas para o curso extensivo do Pr\u00e9-Vestibular Social (PVS)"},"content":{"rendered":"\n<p><\/p>\n\n\n\n<p><\/p>\n\n\n\n<p>Os candidatos\u00a0t\u00eam at\u00e9 o dia 23 de maio\u00a0para fazer a inscri\u00e7\u00e3o, que ocorrer\u00e1 somente pela internet, por meio do formul\u00e1rio dispon\u00edvel em\u00a0<a rel=\"noreferrer noopener\" target=\"_blank\" href=\"https:\/\/www.cecierj.edu.br\/pre-vestibular-social\/\">https:\/\/www.cecierj.edu.br\/pre-vestibular-social\/<\/a>. Tanto a inscri\u00e7\u00e3o quanto as aulas ser\u00e3o gratuitas. A iniciativa \u00e9 uma parceria entre a Funda\u00e7\u00e3o Cecierj, vinculada \u00e0 Secretaria de Estado de Ci\u00eancia, Tecnologia e Inova\u00e7\u00e3o, e a\u00a0Secretaria de Estado de Educa\u00e7\u00e3o.<\/p>\n\n\n\n<p>&#8220;Em um momento t\u00e3o importante na vida das pessoas, especialmente dos jovens, o PVS \u00e9 o apoio que elas precisam para estudar e buscar o t\u00e3o sonhado diploma do Ensino Superior. Por isso, vejo com entusiasmo a abertura das inscri\u00e7\u00f5es para o preenchimento das mais de seis mil vagas distribu\u00eddas em todo o estado do Pr\u00e9-Vestibular Social da Funda\u00e7\u00e3o Cecierj. Tenho certeza que esse ser\u00e1 o in\u00edcio de muitas hist\u00f3rias de sucesso&#8221;, destacou o secret\u00e1rio de Ci\u00eancia, Tecnologia e Inova\u00e7\u00e3o, Dr. Serginho.<\/p>\n\n\n\n<p>O processo de sele\u00e7\u00e3o se dar\u00e1 por meio da an\u00e1lise da documenta\u00e7\u00e3o do candidato, que deve estar matriculado no 3\u00b0 ano do Ensino M\u00e9dio ou j\u00e1 ter conclu\u00eddo. Candidatos que tiverem&nbsp;inscri\u00e7\u00e3o ativa no Cadastro \u00danico ter\u00e3o&nbsp;prioridade na reserva de vagas nos polos do PVS em todo o estado do Rio de Janeiro. O n\u00famero de vagas por unidade e mais detalhes sobre a documenta\u00e7\u00e3o necess\u00e1ria est\u00e3o detalhados no edital.<\/p>\n\n\n\n<p>As aulas come\u00e7am em junho e se estendem at\u00e9 dezembro de 2021. Por conta da pandemia,&nbsp;o in\u00edcio do curso ser\u00e1 apenas com material on-line e com apoio dos mediadores por ferramentas digitais. O in\u00edcio das atividades presenciais ir\u00e1 ser reavaliado dependendo das condi\u00e7\u00f5es que permitam a abertura dos locais onde o projeto ocorre.<\/p>\n\n\n\n<p>&#8220;O Pr\u00e9-Vestibular Social est\u00e1, desde o ano passado, buscando formas de manter o ensino e o v\u00ednculo com os estudantes, apesar de toda restri\u00e7\u00e3o imposta pela pandemia. Utilizou ferramentas, como o Google ClassRoom, para disponibilizar os conte\u00fados produzidos pela pr\u00f3pria equipe de mediadores e, agora, inicia o ano de forma on-line para preparar os nossos jovens para esse momento t\u00e3o importante de suas vidas&#8221;, comentou o presidente da Funda\u00e7\u00e3o Cecierj, Rogerio Pires, lembrando que o PVS tamb\u00e9m prepara para o Vestibular Cederj, que est\u00e1 com inscri\u00e7\u00f5es abertas at\u00e9 o dia 14 de maio para os pedidos de isen\u00e7\u00e3o e ingresso por cota e, a partir do dia 17 de maio, para inscri\u00e7\u00e3o dos pagantes.<\/p>\n\n\n\n<p><strong>Quem pode se inscrever?<\/strong><\/p>\n\n\n\n<p>Podem se inscrever candidatos que, em 2021,&nbsp;estiverem matriculados no \u00faltimo ano do Ensino M\u00e9dio regular em institui\u00e7\u00f5es de ensino p\u00fablicas ou particulares ou matriculados em outras modalidades do Ensino M\u00e9dio em institui\u00e7\u00f5es de ensino p\u00fablicas ou particulares, tais como: Nova EJA, CEJA ou outra forma n\u00e3o especificada, desde que devidamente comprovada a previs\u00e3o de t\u00e9rmino no presente ano; candidatos que j\u00e1 tenham conclu\u00eddo o Ensino M\u00e9dio regular ou que tenham conclu\u00eddo o Ensino M\u00e9dio atrav\u00e9s de outras modalidades, tais como: Nova EJA, Encceja, CEJA ou outra forma n\u00e3o especificada, desde que devidamente comprovada a equival\u00eancia ao Ensino M\u00e9dio.<\/p>\n\n\n\n<p>O candidato dever\u00e1 estar atento no ato da inscri\u00e7\u00e3o, porque s\u00f3 poder\u00e1 se inscrever uma \u00fanica vez, para um \u00fanico polo, em uma das vagas do seu interesse. Ap\u00f3s o preenchimento do formul\u00e1rio, o interessado dever\u00e1 enviar toda a documenta\u00e7\u00e3o no formato digital, conforme as especifica\u00e7\u00f5es estabelecidas no Edital.<\/p>\n\n\n\n<p><strong>Onde estudar?<\/strong><\/p>\n\n\n\n<p>As vagas do extensivo 2021 do Pr\u00e9-Vestibular Social da Funda\u00e7\u00e3o Cecierj est\u00e3o dispon\u00edveis em 37 locais de ensino, em todo o estado do Rio de Janeiro.&nbsp;O interessado encontra informa\u00e7\u00f5es sobre dias, hor\u00e1rios e locais na p\u00e1gina \u201cOnde estamos\u201d no site&nbsp;<a rel=\"noreferrer noopener\" target=\"_blank\" href=\"http:\/\/www.cecierj.edu.br\/pre-vestibular-social\/\">http:\/\/www.cecierj.edu.br\/pre-vestibular-social\/<\/a>.<\/p>\n","protected":false},"excerpt":{"rendered":"<p>Os candidatos\u00a0t\u00eam at\u00e9 o dia 23 de maio\u00a0para fazer a inscri\u00e7\u00e3o, que ocorrer\u00e1 somente pela<\/p>\n","protected":false},"author":2,"featured_media":14213,"comment_status":"open","ping_status":"open","sticky":false,"template":"","format":"standard","meta":{"footnotes":""},"categories":[17],"tags":[],"class_list":["post-14212","post","type-post","status-publish","format-standard","has-post-thumbnail","hentry","category-outras-noticias"],"_links":{"self":[{"href":"https:\/\/tvc16.com\/portal\/wp-json\/wp\/v2\/posts\/14212","targetHints":{"allow":["GET"]}}],"collection":[{"href":"https:\/\/tvc16.com\/portal\/wp-json\/wp\/v2\/posts"}],"about":[{"href":"https:\/\/tvc16.com\/portal\/wp-json\/wp\/v2\/types\/post"}],"author":[{"embeddable":true,"href":"https:\/\/tvc16.com\/portal\/wp-json\/wp\/v2\/users\/2"}],"replies":[{"embeddable":true,"href":"https:\/\/tvc16.com\/portal\/wp-json\/wp\/v2\/comments?post=14212"}],"version-history":[{"count":1,"href":"https:\/\/tvc16.com\/portal\/wp-json\/wp\/v2\/posts\/14212\/revisions"}],"predecessor-version":[{"id":14214,"href":"https:\/\/tvc16.com\/portal\/wp-json\/wp\/v2\/posts\/14212\/revisions\/14214"}],"wp:featuredmedia":[{"embeddable":true,"href":"https:\/\/tvc16.com\/portal\/wp-json\/wp\/v2\/media\/14213"}],"wp:attachment":[{"href":"https:\/\/tvc16.com\/portal\/wp-json\/wp\/v2\/media?parent=14212"}],"wp:term":[{"taxonomy":"category","embeddable":true,"href":"https:\/\/tvc16.com\/portal\/wp-json\/wp\/v2\/categories?post=14212"},{"taxonomy":"post_tag","embeddable":true,"href":"https:\/\/tvc16.com\/portal\/wp-json\/wp\/v2\/tags?post=14212"}],"curies":[{"name":"wp","href":"https:\/\/api.w.org\/{rel}","templated":true}]}}