{"id":14215,"date":"2021-05-10T09:27:00","date_gmt":"2021-05-10T12:27:00","guid":{"rendered":"https:\/\/tvc16.com\/portal\/?p=14215"},"modified":"2021-05-10T09:27:06","modified_gmt":"2021-05-10T12:27:06","slug":"alunos-do-3o-ano-do-ensino-medio-do-liceu-municipal-prefeito-cordolino-ambrosio-voltam-as-aulas-hoje","status":"publish","type":"post","link":"https:\/\/tvc16.com\/portal\/2021\/05\/10\/alunos-do-3o-ano-do-ensino-medio-do-liceu-municipal-prefeito-cordolino-ambrosio-voltam-as-aulas-hoje\/","title":{"rendered":"Alunos do 3\u00ba ano do Ensino M\u00e9dio do Liceu Municipal Prefeito Cordolino Ambr\u00f3sio voltam \u00e0s aulas hoje"},"content":{"rendered":"\n<p>Nesta segunda-feira (10) os alunos do 3\u00ba ano do Ensino M\u00e9dio do Liceu Municipal Prefeito Cordolino Ambr\u00f3sio voltaram a ter aulas presenciais. De acordo com a prefeitura a escola recebeu o Selo Escola Segura. A unidade \u00e9 a primeira a retomar as atividades presenciais ap\u00f3s um ano e dois meses das escolas fechadas por causa da pandemia da covid-19.<\/p>\n\n\n\n<p>O local funciona com as salas de aula demarcadas, garantindo o distanciamento necess\u00e1rio entre os alunos e a limita\u00e7\u00e3o da capacidade conforme prev\u00ea o decreto municipal. H\u00e1 ainda tapete sanitizante, disponibiliza\u00e7\u00e3o de \u00e1lcool em gel e aferi\u00e7\u00e3o de temperatura. Al\u00e9m disso, o uso de m\u00e1scaras \u00e9 obrigat\u00f3rio. A escola tamb\u00e9m tem os EPIs para fornecer \u00e0s equipes.<\/p>\n\n\n\n<p>Vale lembrar que na \u00faltima semana a justi\u00e7a negou os pedidos do Sindicato Estadual dos Prossionais da Educa\u00e7\u00e3o (Sepe) e Sindicato dos Professores de Petr\u00f3polis e Regi\u00e3o (Sinpro) para que as aulas presenciais fossem suspensas, ent\u00e3o o munic\u00edpio continuar\u00e1 com o cronograma de reabertura das escolas no sistema h\u00edbrido (com atividades presenciais e remotas) e de forma escalonada.<\/p>\n\n\n\n<p>At\u00e9 o momento, 16 escolas, todas particulares, reabriram na cidade depois de receberem o Selo Escola Segura. De acordo com a Prefeitura, 45 unidades j\u00e1 foram vistoriadas, destas 37 receberam o selo.<\/p>\n","protected":false},"excerpt":{"rendered":"<p>Nesta segunda-feira (10) os alunos do 3\u00ba ano do Ensino M\u00e9dio do Liceu Municipal Prefeito<\/p>\n","protected":false},"author":2,"featured_media":14216,"comment_status":"open","ping_status":"open","sticky":false,"template":"","format":"standard","meta":{"footnotes":""},"categories":[12],"tags":[],"class_list":["post-14215","post","type-post","status-publish","format-standard","has-post-thumbnail","hentry","category-cidade"],"_links":{"self":[{"href":"https:\/\/tvc16.com\/portal\/wp-json\/wp\/v2\/posts\/14215","targetHints":{"allow":["GET"]}}],"collection":[{"href":"https:\/\/tvc16.com\/portal\/wp-json\/wp\/v2\/posts"}],"about":[{"href":"https:\/\/tvc16.com\/portal\/wp-json\/wp\/v2\/types\/post"}],"author":[{"embeddable":true,"href":"https:\/\/tvc16.com\/portal\/wp-json\/wp\/v2\/users\/2"}],"replies":[{"embeddable":true,"href":"https:\/\/tvc16.com\/portal\/wp-json\/wp\/v2\/comments?post=14215"}],"version-history":[{"count":1,"href":"https:\/\/tvc16.com\/portal\/wp-json\/wp\/v2\/posts\/14215\/revisions"}],"predecessor-version":[{"id":14217,"href":"https:\/\/tvc16.com\/portal\/wp-json\/wp\/v2\/posts\/14215\/revisions\/14217"}],"wp:featuredmedia":[{"embeddable":true,"href":"https:\/\/tvc16.com\/portal\/wp-json\/wp\/v2\/media\/14216"}],"wp:attachment":[{"href":"https:\/\/tvc16.com\/portal\/wp-json\/wp\/v2\/media?parent=14215"}],"wp:term":[{"taxonomy":"category","embeddable":true,"href":"https:\/\/tvc16.com\/portal\/wp-json\/wp\/v2\/categories?post=14215"},{"taxonomy":"post_tag","embeddable":true,"href":"https:\/\/tvc16.com\/portal\/wp-json\/wp\/v2\/tags?post=14215"}],"curies":[{"name":"wp","href":"https:\/\/api.w.org\/{rel}","templated":true}]}}