{"id":14221,"date":"2021-05-10T09:30:35","date_gmt":"2021-05-10T12:30:35","guid":{"rendered":"https:\/\/tvc16.com\/portal\/?p=14221"},"modified":"2021-05-10T09:30:37","modified_gmt":"2021-05-10T12:30:37","slug":"covid-19-prefeitura-amplia-grupos-de-vacinacao","status":"publish","type":"post","link":"https:\/\/tvc16.com\/portal\/2021\/05\/10\/covid-19-prefeitura-amplia-grupos-de-vacinacao\/","title":{"rendered":"Covid-19: Prefeitura amplia grupos de vacina\u00e7\u00e3o"},"content":{"rendered":"\n<p>Pessoas acima de 55 anos com comorbidades e trabalhadores da sa\u00fade acima de 35 anos come\u00e7am a ser vacinados ter\u00e7a-feira (11)<\/p>\n\n\n\n<p>Cadastro para os dois p\u00fablicos foi aberto hoje (10)<\/p>\n\n\n\n<p>A Secretaria de Sa\u00fade amplia mais uma vez, a partir da pr\u00f3xima semana, os grupos de vacina\u00e7\u00e3o contra Covid-19: pessoas com comorbidades acima de 55 anos e trabalhadores da sa\u00fade acima de 35 anos come\u00e7am a ser vacinados na pr\u00f3xima ter\u00e7a-feira (11). O cadastro foi aberto hoje (10) para estes p\u00fablicos.<\/p>\n\n\n\n<p>Para a vacina\u00e7\u00e3o, o interessado deve ser cadastrado no site da prefeitura (www.petropolis.rj.gov.br). No dia da aplica\u00e7\u00e3o da dose, \u00e9 necess\u00e1rio a apresenta\u00e7\u00e3o de documento pessoal com foto, CPF e laudo m\u00e9dico, atestado ou receita que comprove a condi\u00e7\u00e3o\/comorbidade apontada no cadastro. Ap\u00f3s o cadastro, os dados sobre o agendamento podem ser consultados pelo endere\u00e7o eletr\u00f4nico: https:\/\/smspetropolis.net.br\/consultaVacina.html.<\/p>\n\n\n\n<p>\u201cEstamos ampliando os grupos de vacina\u00e7\u00e3o de acordo com a chegada de novos imunizantes, seguindo os par\u00e2metros estabelecidos dentro do Plano Nacional de Vacina\u00e7\u00e3o. Hoje temos mais de 20% da popula\u00e7\u00e3o vacinada. Seguimos trabalhando com responsabilidade e de forma organizada, avan\u00e7ando com a imuniza\u00e7\u00e3o em Petr\u00f3polis\u201d, disse o prefeito interino Hingo Hammes.<\/p>\n\n\n\n<p>At\u00e9 o momento 65.737 pessoas foram vacinadas com a primeira dose contra a Covid-19 e 31.311 receberam a segunda dose do imunizante. \u201cPetr\u00f3polis tem servido de refer\u00eancia na vacina\u00e7\u00e3o. Temos nos planejado constantemente para seguir avan\u00e7ando com a imuniza\u00e7\u00e3o na cidade. Todas as pessoas vacinadas na cidade t\u00eam a segunda dose garantida. Os lotes recebidos para segunda dose foram reservados pela Secretaria de Sa\u00fade para serem usados para este fim\u201d, lembrou o secret\u00e1rio de Sa\u00fade, Aloisio Barbosa da Silva Filho.<\/p>\n\n\n\n<p>Vacina\u00e7\u00e3o de pessoas com comorbidades com mais de 58 anos, s\u00edndrome de down, autismo e pacientes renais cr\u00f4nicos em di\u00e1lise come\u00e7ou neste s\u00e1bado<\/p>\n\n\n\n<p>A Secretaria de Sa\u00fade iniciou neste s\u00e1bado (08) a vacina\u00e7\u00e3o de pessoas com s\u00edndrome de down, autismo e pacientes renais cr\u00f4nicos em di\u00e1lise. Lembrando que apenas maiores de 18 anos podem tomar a vacina. Para se vacinar, deve ser feito cadastro dispon\u00edvel no site da prefeitura (www.petropolis.rj.gov.br). Pessoas com comorbidades acima de 58 anos tamb\u00e9m come\u00e7aram a receber a vacina hoje.<\/p>\n\n\n\n<p>Gestantes e pu\u00e9rperas com comorbidades<\/p>\n\n\n\n<p>Desde quinta-feira (06), est\u00e3o sendo vacinadas gestantes e pu\u00e9rperas (m\u00e3es que tiveram beb\u00ea h\u00e1 at\u00e9 60 dias) acima de 18 anos com comorbidades. Para este p\u00fablico, n\u00e3o \u00e9 necess\u00e1rio o preenchimento de cadastro junto \u00e0 Secretaria de Sa\u00fade.<\/p>\n\n\n\n<p>Para se vacinar, basta que as mesmas se apresentem em um dos 10 pontos de vacina\u00e7\u00e3o contra a covid-19 dispon\u00edveis na cidade portando documento de identidade com foto, CPF, comprovante de resid\u00eancia e laudo ou comprovante m\u00e9dico confirmando a gesta\u00e7\u00e3o ou puerp\u00e9rio, bem como o tipo de comorbidade. \u00c9 importante tamb\u00e9m a apresenta\u00e7\u00e3o do cart\u00e3o de vacina\u00e7\u00e3o.<\/p>\n\n\n\n<p>A Secretaria de Sa\u00fade frisa, ainda, que aquelas que se vacinaram contra a influenza (gripe) devem respeitar o per\u00edodo de 15 dias entre uma vacina e outra. \u201c\u00c9 importante que todas as pessoas estejam atentas aos intervalos das doses contra gripe e Covid-19. A Secretaria de Sa\u00fade vem seguindo as orienta\u00e7\u00f5es do Minist\u00e9rio da Sa\u00fade que prev\u00ea, neste momento, p\u00fablico diferenciado para as duas vacina\u00e7\u00f5es, mantendo um intervalo de 15 dias entre as aplica\u00e7\u00f5es\u201d, lembrou Aloisio.<\/p>\n\n\n\n<p>Postos de vacina\u00e7\u00e3o<\/p>\n\n\n\n<p>A vacina\u00e7\u00e3o est\u00e1 sendo realizada das 9h \u00e0s 16h no Petropolitano Futebol Clube, na Rua Roberto Silveira (Centro); Clube Palmeira (Itamarati), Casa de Portugal (Quitandinha), Escola Municipal Josemar Contage (Corr\u00eaas), e ainda em sistema drive thru no campus da UCP Benjamim Constant (Centro); \u00e1rea externa do gin\u00e1sio da UCP, no Bingen; Parque Municipal em Itaipava; e G1 do Hipershopping, no Alto da Serra. A vacina\u00e7\u00e3o tamb\u00e9m est\u00e1 dispon\u00edvel no antigo PSF da Posse, com hor\u00e1rio diferenciado, das 10h \u00e0s 15h.<\/p>\n\n\n\n<p>A Secretaria de Sa\u00fade lembra ainda que, a partir desta sexta-feira (07), o atendimento de pessoas que n\u00e3o compareceram na data prevista para tomar a 2\u00aa dose da Coronavac foi centralizado em dois postos de vacina\u00e7\u00e3o: na UCP da Rua Benjamin Constant (no Centro), e no Parque Municipal (em Itaipava). A medida tem como objetivo garantir uma melhor organiza\u00e7\u00e3o do trabalho e reduzir as chances de perda do imunizante.<\/p>\n\n\n\n<p>Aten\u00e7\u00e3o a quem pode se cadastrar para tomar a vacina contra a covid-19 neste momento:<\/p>\n\n\n\n<ul class=\"wp-block-list\"><li>pessoas com comorbidades maiores de 58 anos (a partir de segunda-feira o cadastro ser\u00e1 ampliado para 55 anos)<\/li><li>trabalhadores da Sa\u00fade a partir de 40 anos (a partir de segunda-feira o cadastro ser\u00e1 ampliado para 35 anos)<\/li><li>pessoas com s\u00edndrome de down maiores de 18 anos<\/li><li>pessoas com autismo maiores de 18 anos<\/li><li>pacientes renais cr\u00f4nicos em di\u00e1lise maiores de 18 anos<\/li><li>pessoas com defici\u00eancia permanente cadastradas no Programa de Benef\u00edcio de Presta\u00e7\u00e3o Continuada (BPC) com mais de 58 anos.<\/li><li>Idosos com mais de 60 anos<\/li><\/ul>\n\n\n\n<p>Quem pode tomar a vacina sem cadastramento:<br>Gestantes e pu\u00e9rperas maiores de 18 anos com comorbidades<\/p>\n","protected":false},"excerpt":{"rendered":"<p>Pessoas acima de 55 anos com comorbidades e trabalhadores da sa\u00fade acima de 35 anos<\/p>\n","protected":false},"author":2,"featured_media":14222,"comment_status":"open","ping_status":"open","sticky":false,"template":"","format":"standard","meta":{"footnotes":""},"categories":[12],"tags":[],"class_list":["post-14221","post","type-post","status-publish","format-standard","has-post-thumbnail","hentry","category-cidade"],"_links":{"self":[{"href":"https:\/\/tvc16.com\/portal\/wp-json\/wp\/v2\/posts\/14221","targetHints":{"allow":["GET"]}}],"collection":[{"href":"https:\/\/tvc16.com\/portal\/wp-json\/wp\/v2\/posts"}],"about":[{"href":"https:\/\/tvc16.com\/portal\/wp-json\/wp\/v2\/types\/post"}],"author":[{"embeddable":true,"href":"https:\/\/tvc16.com\/portal\/wp-json\/wp\/v2\/users\/2"}],"replies":[{"embeddable":true,"href":"https:\/\/tvc16.com\/portal\/wp-json\/wp\/v2\/comments?post=14221"}],"version-history":[{"count":1,"href":"https:\/\/tvc16.com\/portal\/wp-json\/wp\/v2\/posts\/14221\/revisions"}],"predecessor-version":[{"id":14223,"href":"https:\/\/tvc16.com\/portal\/wp-json\/wp\/v2\/posts\/14221\/revisions\/14223"}],"wp:featuredmedia":[{"embeddable":true,"href":"https:\/\/tvc16.com\/portal\/wp-json\/wp\/v2\/media\/14222"}],"wp:attachment":[{"href":"https:\/\/tvc16.com\/portal\/wp-json\/wp\/v2\/media?parent=14221"}],"wp:term":[{"taxonomy":"category","embeddable":true,"href":"https:\/\/tvc16.com\/portal\/wp-json\/wp\/v2\/categories?post=14221"},{"taxonomy":"post_tag","embeddable":true,"href":"https:\/\/tvc16.com\/portal\/wp-json\/wp\/v2\/tags?post=14221"}],"curies":[{"name":"wp","href":"https:\/\/api.w.org\/{rel}","templated":true}]}}