{"id":14224,"date":"2021-05-10T09:35:04","date_gmt":"2021-05-10T12:35:04","guid":{"rendered":"https:\/\/tvc16.com\/portal\/?p=14224"},"modified":"2021-05-10T09:35:07","modified_gmt":"2021-05-10T12:35:07","slug":"mudancas-no-cadastro-para-vacinacao-contra-covid-19","status":"publish","type":"post","link":"https:\/\/tvc16.com\/portal\/2021\/05\/10\/mudancas-no-cadastro-para-vacinacao-contra-covid-19\/","title":{"rendered":"Mudan\u00e7as no cadastro para vacina\u00e7\u00e3o contra covid-19"},"content":{"rendered":"\n<p>Para tornar o cadastramento para vacina\u00e7\u00e3o contra a covid-19 mais eficaz, a Prefeitura de Petr\u00f3polis fez mudan\u00e7as no passo-a-passo para o agendamento. O formul\u00e1rio, dispon\u00edvel no site da Prefeitura, agora \u00e9 mais intuitivo, baseado nos dados fornecidos pela pr\u00f3pria pessoa. <\/p>\n\n\n\n<p>Antes de fazer o cadastro, \u00e9 importante se certificar de que faz parte do grupo priorit\u00e1rio j\u00e1 convocado que precisa fazer o agendamento (neste momento, trabalhadores da sa\u00fade com mais de 40 anos, pessoas com mais de 60 anos, pessoas com comorbidades com 58 e 59 anos, pessoas com defici\u00eancia cadastradas no BPC com mais de 58 anos, pessoas com s\u00edndrome de down ou autismo com mais de 18 anos e pacientes renais cr\u00f4nicos em di\u00e1lise, tamb\u00e9m com mais de 18 anos). Depois, basta seguir as orienta\u00e7\u00f5es.<\/p>\n\n\n\n<p>Com o novo sistema basta que a pessoa informe o CPF e a idade para iniciar o processo de cadastramento. Com estas informa\u00e7\u00f5es o pr\u00f3prio site dar\u00e1 \u00e0s pessoas apenas as op\u00e7\u00f5es para as quais ela se enquadra. Uma pessoa de 30 anos, por exemplo, apenas poder\u00e1 avan\u00e7ar no cadastro se tiver s\u00edndrome de down ou autismo ou for paciente renal cr\u00f4nico em di\u00e1lise. Isso porque, para esta idade, s\u00f3 pode ser vacinado quem se enquadra em uma destas op\u00e7\u00f5es. J\u00e1 pessoas com demais comorbidades previstas no Plano Nacional de Vacina\u00e7\u00e3o s\u00f3 conseguir\u00e3o completar o cadastro de tiverem dentro da faixa et\u00e1ria j\u00e1 convocada, ou seja, se tiverem mais 58 anos.<\/p>\n\n\n\n<p>Passo-a-passo<\/p>\n\n\n\n<p>No novo modelo, antes de escolher o local de vacina\u00e7\u00e3o a pessoa escolhe o turno em que pretende se vacinar (manh\u00e3\/tarde). A partir da\u00ed o interessado pode escolher entre os pontos de vacina\u00e7\u00e3o dispon\u00edveis e tem acesso \u00e0s op\u00e7\u00f5es de datas dispon\u00edveis para o cadastro. Para avan\u00e7ar com o cadastro, o interessado deve confirmar as informa\u00e7\u00f5es fornecidas.<\/p>\n\n\n\n<p>De acordo com o perfil de p\u00fablico a ser vacinado, o sistema exigir\u00e1 que o interessado informe a que grupo priorit\u00e1rio de vacina\u00e7\u00e3o pertence. Importante destacar que as pessoas devem seguir com o cadastramento, cumprindo todas as etapas at\u00e9 a conclus\u00e3o do processo.<\/p>\n\n\n\n<p>Aten\u00e7\u00e3o a quem pode se cadastrar para tomar a vacina contra a covid-19 neste momento:<\/p>\n\n\n\n<ul class=\"wp-block-list\"><li>pessoas com comorbidades maiores de 58 anos;<\/li><li>profissionais de Sa\u00fade a partir de 40 anos<\/li><li>pessoas com s\u00edndrome de down maiores de 18 anos<\/li><li>pessoas com autismo maiores de 18 anos<\/li><li>pacientes renais cr\u00f4nicos em di\u00e1lise maiores de 18 anos<\/li><li>pessoas com defici\u00eancia permanente cadastradas no Programa de Benef\u00edcio de Presta\u00e7\u00e3o Continuada (BPC) com mais de 58 anos.<\/li><li>Idosos com mais de 60 anos<\/li><\/ul>\n\n\n\n<p>Quem pode tomar a vacina sem cadastramento:<br>Gestantes e pu\u00e9rperas maiores de 18 anos com comorbidades<\/p>\n","protected":false},"excerpt":{"rendered":"<p>Para tornar o cadastramento para vacina\u00e7\u00e3o contra a covid-19 mais eficaz, a Prefeitura de Petr\u00f3polis<\/p>\n","protected":false},"author":2,"featured_media":14225,"comment_status":"open","ping_status":"open","sticky":false,"template":"","format":"standard","meta":{"footnotes":""},"categories":[12],"tags":[],"class_list":["post-14224","post","type-post","status-publish","format-standard","has-post-thumbnail","hentry","category-cidade"],"_links":{"self":[{"href":"https:\/\/tvc16.com\/portal\/wp-json\/wp\/v2\/posts\/14224","targetHints":{"allow":["GET"]}}],"collection":[{"href":"https:\/\/tvc16.com\/portal\/wp-json\/wp\/v2\/posts"}],"about":[{"href":"https:\/\/tvc16.com\/portal\/wp-json\/wp\/v2\/types\/post"}],"author":[{"embeddable":true,"href":"https:\/\/tvc16.com\/portal\/wp-json\/wp\/v2\/users\/2"}],"replies":[{"embeddable":true,"href":"https:\/\/tvc16.com\/portal\/wp-json\/wp\/v2\/comments?post=14224"}],"version-history":[{"count":1,"href":"https:\/\/tvc16.com\/portal\/wp-json\/wp\/v2\/posts\/14224\/revisions"}],"predecessor-version":[{"id":14226,"href":"https:\/\/tvc16.com\/portal\/wp-json\/wp\/v2\/posts\/14224\/revisions\/14226"}],"wp:featuredmedia":[{"embeddable":true,"href":"https:\/\/tvc16.com\/portal\/wp-json\/wp\/v2\/media\/14225"}],"wp:attachment":[{"href":"https:\/\/tvc16.com\/portal\/wp-json\/wp\/v2\/media?parent=14224"}],"wp:term":[{"taxonomy":"category","embeddable":true,"href":"https:\/\/tvc16.com\/portal\/wp-json\/wp\/v2\/categories?post=14224"},{"taxonomy":"post_tag","embeddable":true,"href":"https:\/\/tvc16.com\/portal\/wp-json\/wp\/v2\/tags?post=14224"}],"curies":[{"name":"wp","href":"https:\/\/api.w.org\/{rel}","templated":true}]}}