{"id":1423,"date":"2020-09-28T13:17:25","date_gmt":"2020-09-28T13:17:25","guid":{"rendered":"https:\/\/tvc16.com\/portal\/?p=1423"},"modified":"2020-09-28T13:17:25","modified_gmt":"2020-09-28T13:17:25","slug":"projeto-da-coppe-ufrj-e-cefet-mg-e-selecionado-para-programa-do-pnud","status":"publish","type":"post","link":"https:\/\/tvc16.com\/portal\/2020\/09\/28\/projeto-da-coppe-ufrj-e-cefet-mg-e-selecionado-para-programa-do-pnud\/","title":{"rendered":"Projeto da Coppe\/UFRJ e Cefet-MG \u00e9 selecionado para programa do Pnud"},"content":{"rendered":"\n<p>Objetivo \u00e9 estudar impacto da covid-19 na mobilidade<\/p>\n\n\n\n<p>Projeto desenvolvido por professores do Instituto Alberto Luiz Coimbra de P\u00f3s-Gradua\u00e7\u00e3o e Pesquisa de Engenharia da Universidade Federal do Rio&nbsp;de Janeiro&nbsp;(Coppe\/UFRJ) e do Centro Federal de Educa\u00e7\u00e3o Tecnol\u00f3gica de Minas Gerais (Cefet-MG) foi selecionado pelo Programa das Na\u00e7\u00f5es Unidas para o Desenvolvimento (Pnud) para integrar o programa Explorando o impacto da covid-19 e a resposta pol\u00edtica na Am\u00e9rica Latina e no Caribe, por meio de dados de mobilidade.<img decoding=\"async\" src=\"https:\/\/agenciabrasil.ebc.com.br\/ebc.png?id=1389103&amp;o=node\"><img decoding=\"async\" src=\"https:\/\/agenciabrasil.ebc.com.br\/ebc.gif?id=1389103&amp;o=node\"><\/p>\n\n\n\n<p>Desde que a covid-19 chegou ao&nbsp;Brasil, o Programa de Engenharia de Transportes da Coppe\/UFRJ se colocou \u00e0 disposi\u00e7\u00e3o do governo fluminense para ajudar no que fosse necess\u00e1rio e vem realizando estudos sobre a rela\u00e7\u00e3o da doen\u00e7a com a mobilidade, disse&nbsp;o professor Romulo Orrico, coordenador do programa. Foi feita pesquisa tamb\u00e9m sobre a influ\u00eancia do urbanismo e dos transportes p\u00fablicos para a covid-19, tomando por base dados dispon\u00edveis e as caracter\u00edsticas diversas das cidades norte-americanas de Los Angeles e Nova York, embora essas localidades tenham tomado decis\u00f5es semelhantes para conter a dissemina\u00e7\u00e3o do novo coronav\u00edrus.<\/p>\n\n\n\n<p>Orrico informou que, em parceria com a empresa Grandata, sediada em S\u00e3o Francisco, nos Estados Unidos, o Pnud obteve dados sobre mobilidade de oito a dez pa\u00edses da Am\u00e9rica Latina e abriu um edital para pesquisadores que se habilitassem a utilizar aqueles dados para conseguir informa\u00e7\u00f5es positivas no aux\u00edlio ao combate \u00e0 doen\u00e7a.<\/p>\n\n\n\n<h2 class=\"wp-block-heading\">Movimenta\u00e7\u00e3o<\/h2>\n\n\n\n<p>O projeto da Coppe e Cefet-MG, intitulado Mensura\u00e7\u00e3o da efic\u00e1cia da pol\u00edtica de isolamento social da covid-19 a partir de modelos de demanda de transporte\u201d, coordenado pelo professor Romulo Orrico, vai usar n\u00e3o s\u00f3 os dados sobre mobilidade que ser\u00e3o disponibilizados em uma plataforma criada pelo Pnud e Grandata, mas tamb\u00e9m dados georreferenciados dispon\u00edveis no Brasil. A plataforma visa a facilitar a an\u00e1lise dos movimentos da popula\u00e7\u00e3o durante a pandemia do novo coronav\u00edrus, fora de suas resid\u00eancias. \u201cN\u00f3s temos que entender exatamente aqueles dados\u201d, disse Orrico.<\/p>\n\n\n\n<p>Cerca&nbsp;de dez&nbsp;institui\u00e7\u00f5es participam do programa do Pnud, sendo uma por pa\u00eds, informou o professor da Coppe\/UFRJ. Ele disse&nbsp; que a miss\u00e3o apresenta dificuldades, uma vez que o Brasil tem mais de 5 mil munic\u00edpios, com grande variedade de comportamento frente \u00e0 pandemia. O programa do Pnud estabeleceu prazo de meados&nbsp;de novembro,&nbsp;para as institui\u00e7\u00f5es fazerem uma vers\u00e3o preliminar da pesquisa, at\u00e9 metade&nbsp;de dezembro&nbsp;para apresentarem um relat\u00f3rio definitivo do que for conseguido.<\/p>\n\n\n\n<p>A meta do Pnud \u00e9 compreender melhor os impactos socioecon\u00f4micos da pandemia nos pa\u00edses e, assim, poder planejar uma resposta pol\u00edtica na regi\u00e3o que engloba America Latina e o Caribe. \u201cEles esperam que se extraia alguma informa\u00e7\u00e3o positiva para ajud\u00e1-los em uma pol\u00edtica para a Am\u00e9rica Latina e o Caribe, em rela\u00e7\u00e3o \u00e0 mobilidade no combate \u00e0 covid\u201d, afirmou Romulo Orrico.<\/p>\n\n\n\n<h2 class=\"wp-block-heading\">Import\u00e2ncia<\/h2>\n\n\n\n<p>O coordenador do projeto da Coppe e do Cefet-MG destacou que a iniciativa do Pnud demonstra que \u00e9 importante estudar esse tema da mobilidade e sua eventual liga\u00e7\u00e3o com a pandemia. Disse que se a pesquisa chegar \u00e0 conclus\u00e3o de que o transporte p\u00fablico n\u00e3o infecta ningu\u00e9m, &#8220;ser\u00e1 muito bom e&nbsp;vai&nbsp;ficar feliz\u201d. Advertiu, entretanto, que a mobilidade trouxe \u00e0 tona essa rela\u00e7\u00e3o com a doen\u00e7a. O estudo pode, ent\u00e3o, comprovar que o transporte p\u00fablico contribui para infectar as pessoas, mas tamb\u00e9m concluir que n\u00e3o tem nada a ver. \u201cOu, ainda, que n\u00e3o foi poss\u00edvel encontrar uma rela\u00e7\u00e3o\u201d. Em ci\u00eancia, tudo \u00e9 poss\u00edvel, observou Orrico.<\/p>\n\n\n\n<p>A plataforma criada pela Grandata e pelo Pnud tem uma ferramenta que permite destacar as diferen\u00e7as percentuais de deslocamentos realizados por usu\u00e1rios em um dia-base e em cada dia anterior e posterior. Isso torna poss\u00edvel determinar o grau de cumprimento do isolamento social de uma popula\u00e7\u00e3o em localidades espec\u00edficas, como um munic\u00edpio, cidade ou pa\u00eds, informou a Coppe\/UFRJ, por meio de sua assessoria de imprensa.<\/p>\n\n\n\n<p>O grupo de pesquisadores da Coppe e do Cefet-MG \u00e9 integrado por cinco professores, al\u00e9m de alunos de gradua\u00e7\u00e3o, mestrado e doutorado das duas institui\u00e7\u00f5es. O Programa de Engenharia de Transportes da Coppe\/UFRJ realiza pesquisas sobre mobilidade desde 1979. Em andamento, o programa tem sondagens sobre cidades sustent\u00e1veis e ve\u00edculos el\u00e9tricos, entre outras.<\/p>\n\n\n\n<p>Por Alana Gandra &#8211; Rep\u00f3rter da Ag\u00eancia Brasil &#8211; Rio de Janeiro<\/p>\n\n\n\n<p>Edi\u00e7\u00e3o: Gra\u00e7a Adjuto<\/p>\n","protected":false},"excerpt":{"rendered":"<p>Objetivo \u00e9 estudar impacto da covid-19 na mobilidade Projeto desenvolvido por professores do Instituto Alberto<\/p>\n","protected":false},"author":2,"featured_media":1424,"comment_status":"open","ping_status":"open","sticky":false,"template":"","format":"standard","meta":{"footnotes":""},"categories":[13],"tags":[],"class_list":["post-1423","post","type-post","status-publish","format-standard","has-post-thumbnail","hentry","category-saude"],"_links":{"self":[{"href":"https:\/\/tvc16.com\/portal\/wp-json\/wp\/v2\/posts\/1423","targetHints":{"allow":["GET"]}}],"collection":[{"href":"https:\/\/tvc16.com\/portal\/wp-json\/wp\/v2\/posts"}],"about":[{"href":"https:\/\/tvc16.com\/portal\/wp-json\/wp\/v2\/types\/post"}],"author":[{"embeddable":true,"href":"https:\/\/tvc16.com\/portal\/wp-json\/wp\/v2\/users\/2"}],"replies":[{"embeddable":true,"href":"https:\/\/tvc16.com\/portal\/wp-json\/wp\/v2\/comments?post=1423"}],"version-history":[{"count":1,"href":"https:\/\/tvc16.com\/portal\/wp-json\/wp\/v2\/posts\/1423\/revisions"}],"predecessor-version":[{"id":1425,"href":"https:\/\/tvc16.com\/portal\/wp-json\/wp\/v2\/posts\/1423\/revisions\/1425"}],"wp:featuredmedia":[{"embeddable":true,"href":"https:\/\/tvc16.com\/portal\/wp-json\/wp\/v2\/media\/1424"}],"wp:attachment":[{"href":"https:\/\/tvc16.com\/portal\/wp-json\/wp\/v2\/media?parent=1423"}],"wp:term":[{"taxonomy":"category","embeddable":true,"href":"https:\/\/tvc16.com\/portal\/wp-json\/wp\/v2\/categories?post=1423"},{"taxonomy":"post_tag","embeddable":true,"href":"https:\/\/tvc16.com\/portal\/wp-json\/wp\/v2\/tags?post=1423"}],"curies":[{"name":"wp","href":"https:\/\/api.w.org\/{rel}","templated":true}]}}