{"id":14232,"date":"2021-05-10T09:56:21","date_gmt":"2021-05-10T12:56:21","guid":{"rendered":"https:\/\/tvc16.com\/portal\/?p=14232"},"modified":"2021-05-10T09:56:23","modified_gmt":"2021-05-10T12:56:23","slug":"prefeitura-lanca-projeto-imc-nas-redes-conversas-culturais","status":"publish","type":"post","link":"https:\/\/tvc16.com\/portal\/2021\/05\/10\/prefeitura-lanca-projeto-imc-nas-redes-conversas-culturais\/","title":{"rendered":"Prefeitura lan\u00e7a projeto &#8220;IMC nas Redes &#8211; Conversas Culturais&#8221;"},"content":{"rendered":"\n<p>Nesta quarta-feira, dia 12 de maio, \u00e0s 19h, o Instituto Municipal de Cultura estreia um novo projeto, o IMC nas Redes \u2013 Conversas Culturais. Ser\u00e3o realizadas Lives nas redes sociais da Prefeitura de Petr\u00f3polis (Canal de Youtube e Facebook), visando promover encontros entre agentes culturais, institui\u00e7\u00f5es de relev\u00e2ncia, especialistas nas \u00e1reas dos diversos segmentos, procurando agregar informa\u00e7\u00f5es e conhecimento. O primeiro tema abordado ser\u00e1 a m\u00fasica os m\u00fasicos e o marketing cultural.<\/p>\n\n\n\n<p>&#8220;A iniciativa vem de encontro aos ideais da atual equipe do IMC, que acredita no di\u00e1logo sempre agregador entre o poder p\u00fablico e a sociedade civil&#8221;, explica Leandro Kronemberger, diretor presidente do IMC. &#8220;\u00c9 preciso focar na oportunidade de fortalecimento dos di\u00e1logos em torno de quem faz, promove ou estabelece pol\u00edticas culturais em Petr\u00f3polis&#8221;, completa o prefeito interino Hingo Hammes.<\/p>\n\n\n\n<p>O evento conta com a media\u00e7\u00e3o da gerente do Centro de Cultura Raul de Leoni, Catarina Maul. Da roda de conversa participam Rike (Mar\u00e3 M\u00fasica), Nath\u00e1lia Pandel\u00f3 (Build up Media), Paulo Maganinho (Coletivo Mostarda), al\u00e9m dos m\u00fasicos Cesar Nascimento e Durango Kid. O Instituto Municipal de Cultura tem a feliz miss\u00e3o e a obriga\u00e7\u00e3o de escutar quem vivencia a cultura todos os dias.<\/p>\n\n\n\n<p>\u201cEnquanto as portas dos espa\u00e7os culturais n\u00e3o podem ser abertas ao grande p\u00fablico devido \u00e0 pandemia, as Lives t\u00eam sido uma das solu\u00e7\u00f5es encontradas para estabelecer rela\u00e7\u00f5es interpessoais entre as pessoas. N\u00e3o \u00e9 diferente com os agentes culturais, artistas e p\u00fablico. Estou muito animada para essa roda de conversa com tantas refer\u00eancias no assunto\u201d, disse Catarina Maul.<\/p>\n\n\n\n<p>Sobre os participantes:<\/p>\n\n\n\n<p>Rike (Henrique Garcia Roncoletta) \u00e9 m\u00fasico, l\u00edder, fundador, vocalista e compositor da banda de rock alternativo NDK (quase 50 mil seguidores no Instagram) e empres\u00e1rio. \u00c9 CEO e fundador da Mar\u00e3 M\u00fasica, empresa de marketing musical especializada nas rela\u00e7\u00f5es p\u00fablicas dentro do setor e, recentemente, tamb\u00e9m anunciou o lan\u00e7amento do seu segundo selo de distribui\u00e7\u00e3o, dessa vez em uma sociedade com o tamb\u00e9m m\u00fasico Gabriel Thomaz, dando origem ao &#8220;Maxilar&#8221;. Rike, apesar de paulista, agencia e empresaria bandas por todo o territ\u00f3rio nacional.<\/p>\n\n\n\n<p>A Build up Media estar\u00e1 representada por Nathalia Pandel\u00f3, jornalista, assessora de imprensa e fundadora da empresa junto de Daniel Corr\u00eaa, em 2013. Em 8 anos de mercado, a BUM foi de uma iniciativa promissora a uma das principais empresas de comunica\u00e7\u00e3o voltada para artistas e vencedora do Pr\u00eamio Profissionais da M\u00fasica 2019. M\u00fasicos, fot\u00f3grafos, escritores e artistas pl\u00e1sticos j\u00e1 passaram pela sua carteira de clientes. Embora esteja situada em Petr\u00f3polis a Build Up Media atua com desenvoltura divulgando projetos, lan\u00e7amentos e eventos em todo o Brasil, al\u00e9m de representar artistas estrangeiros em solo nacional.<\/p>\n\n\n\n<p>O Coletivo Mostarda ser\u00e1 representado no encontro por Paulo Maganinho. Fundado em novembro de 2020 por Felipe Duriez, Paulo Maganinho, Pedro Caldara e Ronald Paini, o coletivo petropolitano \u00e9 formado por amigos m\u00fasicos que somam seus conhecimentos adquiridos em suas carreiras art\u00edsticas para a produ\u00e7\u00e3o de conte\u00fados criativos e, principalmente, que possam agregar valor aos artistas que representam. Seus \u00faltimos trabalhos, em 2021, foram desenvolvidos com os \u00edcones petropolitanos Jorge Amorim (baterista) e Pestana (vocalista, compositor, poeta), uma parceria com a banda The Mountain Season.<\/p>\n\n\n\n<p>O cantor e compositor C\u00e9sar Nascimento, da tribo musical do Maranh\u00e3o, desenvolveu sua forma\u00e7\u00e3o e trajet\u00f3ria musical pelo norte e nordeste. Pulsa em suas veias o reggae de sal\u00e3o, o bumba meu boi e o tambor de crioula. A sonoridade singular do seu trabalho \u00e9 resultado do conv\u00edvio com ritmos maranhenses com a levada peculiar do seu viol\u00e3o e outros ritmos urbanos. Construiu sua carreira entre o Rio de Janeiro e o Maranh\u00e3o, participando de festivais musicais, fazendo shows em diversos estados do Brasil e gravando v\u00e1rios discos. Em 2002, lan\u00e7ou seu quinto CD Serenin, retomando suas ra\u00edzes musicais e matando a saudade de S\u00e3o Luis do Maranh\u00e3o, para quem produziu um trabalho espetacular e referencial que \u00e9 o DVD Ilha Magn\u00e9tica, com participa\u00e7\u00e3o de Alcione, Ferreira Gullar, entre outros. Uma parte desse trabalho, que une a vida do pr\u00f3prio artista ao seu amor pela ilha, foi gravado em Petr\u00f3polis, onde reside. Atualmente, C\u00e9sar Nascimento est\u00e1 com 13 discos lan\u00e7ados e com novos projetos em andamento, como o Balaio de NeNa, com 9 composi\u00e7\u00f5es in\u00e9ditas, em parceria com o poeta e compositor M\u00e1rcio Neg\u00f3cio.<\/p>\n\n\n\n<p>Durango Kid, rimador e articulador cultural petropolitano, \u00e9 uma das principais refer\u00eancias do Hip Hop em sua cidade, que j\u00e1 representou, com destaque, em importantes batalhas de rima do pa\u00eds, como Duelo MTV, Festival Hut\u00faz e Liga dos Mcs. Lan\u00e7ou em 2011 seu primeiro trabalho solo, DeMonstroAtivo, vendida pelo pr\u00f3prio artista para mais de 5 mil pessoas. Sempre envolvido coletivamente com a arte, nos \u00faltimos anos vinha se dedicando prioritariamente \u00e0 banda GotamCRU &amp; Os Curingas, projeto que levou o cantor a se apresentar em palcos importantes da cena carioca como Imperator, Ganjah, Teatro Popular Oscar Nyemeyer e Festival Sesc de Inverno. Em 2019, a banda lan\u00e7ou o disco Tributo Ao Original, onde DurangoKid atuou como cantor, diretor art\u00edstico e produtor executivo. O trabalho foi acompanhado por dois videoclipes com a coordena\u00e7\u00e3o do artista que tamb\u00e9m \u00e9 bacharel em Produ\u00e7\u00e3o Cultural. O artista tamb\u00e9m possui projetos solo e seu \u00faltimo lan\u00e7amento foi o v\u00eddeo DKMERON &#8211; Uma Epifania Digital.<\/p>\n","protected":false},"excerpt":{"rendered":"<p>Nesta quarta-feira, dia 12 de maio, \u00e0s 19h, o Instituto Municipal de Cultura estreia um<\/p>\n","protected":false},"author":2,"featured_media":14233,"comment_status":"open","ping_status":"open","sticky":false,"template":"","format":"standard","meta":{"footnotes":""},"categories":[12],"tags":[],"class_list":["post-14232","post","type-post","status-publish","format-standard","has-post-thumbnail","hentry","category-cidade"],"_links":{"self":[{"href":"https:\/\/tvc16.com\/portal\/wp-json\/wp\/v2\/posts\/14232","targetHints":{"allow":["GET"]}}],"collection":[{"href":"https:\/\/tvc16.com\/portal\/wp-json\/wp\/v2\/posts"}],"about":[{"href":"https:\/\/tvc16.com\/portal\/wp-json\/wp\/v2\/types\/post"}],"author":[{"embeddable":true,"href":"https:\/\/tvc16.com\/portal\/wp-json\/wp\/v2\/users\/2"}],"replies":[{"embeddable":true,"href":"https:\/\/tvc16.com\/portal\/wp-json\/wp\/v2\/comments?post=14232"}],"version-history":[{"count":1,"href":"https:\/\/tvc16.com\/portal\/wp-json\/wp\/v2\/posts\/14232\/revisions"}],"predecessor-version":[{"id":14234,"href":"https:\/\/tvc16.com\/portal\/wp-json\/wp\/v2\/posts\/14232\/revisions\/14234"}],"wp:featuredmedia":[{"embeddable":true,"href":"https:\/\/tvc16.com\/portal\/wp-json\/wp\/v2\/media\/14233"}],"wp:attachment":[{"href":"https:\/\/tvc16.com\/portal\/wp-json\/wp\/v2\/media?parent=14232"}],"wp:term":[{"taxonomy":"category","embeddable":true,"href":"https:\/\/tvc16.com\/portal\/wp-json\/wp\/v2\/categories?post=14232"},{"taxonomy":"post_tag","embeddable":true,"href":"https:\/\/tvc16.com\/portal\/wp-json\/wp\/v2\/tags?post=14232"}],"curies":[{"name":"wp","href":"https:\/\/api.w.org\/{rel}","templated":true}]}}