{"id":14235,"date":"2021-05-10T09:58:26","date_gmt":"2021-05-10T12:58:26","guid":{"rendered":"https:\/\/tvc16.com\/portal\/?p=14235"},"modified":"2021-05-10T09:58:29","modified_gmt":"2021-05-10T12:58:29","slug":"museus-casa-do-colono-e-casa-de-santos-dumont-tem-previsao-de-reabertura-ao-publico-para-o-dia-14-de-maio","status":"publish","type":"post","link":"https:\/\/tvc16.com\/portal\/2021\/05\/10\/museus-casa-do-colono-e-casa-de-santos-dumont-tem-previsao-de-reabertura-ao-publico-para-o-dia-14-de-maio\/","title":{"rendered":"Museus Casa do Colono e Casa de Santos Dumont t\u00eam previs\u00e3o de reabertura ao p\u00fablico para o dia 14 de maio"},"content":{"rendered":"\n<p>Foto: Guia da Estrada <\/p>\n\n\n\n<p>A Prefeitura vai reabrir ao p\u00fablico os museus Casa do Colono e Casa de Santos Dumont no dia 14 de maio. Os atrativos est\u00e3o fechados \u00e0 visita\u00e7\u00e3o desde o dia 23 de mar\u00e7o de 2021, diante de decreto municipal relacionado com protocolos sanit\u00e1rios \u00e0 Covid-19. Com o retorno para a pr\u00f3xima semana, ser\u00e1 necess\u00e1ria a obedi\u00eancia das normas sanit\u00e1rias, como restri\u00e7\u00e3o da circula\u00e7\u00e3o de pessoas, uso obrigat\u00f3rio de m\u00e1scaras e o distanciamento necess\u00e1rio de 1,5 metro entre os visitantes (no sentido de evitar qualquer tipo de aglomera\u00e7\u00e3o). O governo municipal ressalta que o setor administrativo e de limpeza dos locais permanecem funcionando, com o objetivo de continuar com a manuten\u00e7\u00e3o dos locais.<\/p>\n\n\n\n<p>\u201cA Encantada\u201d, im\u00f3vel que era usado por Alberto Santos Dumont como casa de veraneio na Cidade Imperial, hoje abriga o Museu Casa de Santos Dumont \u2013 o segundo mais visitado do munic\u00edpio. Amigo de personalidades ligadas \u00e0 cidade, como Franklin Sampaio e Princesa Isabel, ele usava a Serra para passar seu tempo livre. Foi no local que escreveu um de seus dois livros, a obra intitulada \u201cO que eu vi e o que n\u00f3s veremos\u201d. O Museu fica na Rua do Encanto, 22, no Centro. O atrativo funciona de ter\u00e7a at\u00e9 domingo, de 9h \u00e0s 17h30 (bilheteria at\u00e9 as 17h). Visita guiada.<\/p>\n\n\n\n<p>O Museu Casa do Colono fica na Rua Crist\u00f3v\u00e3o Colombo, 1.034, na Castel\u00e2nea. O local constru\u00eddo em 1847, conta com um acervo de utens\u00edlios de uso dom\u00e9stico e de trabalho, fotografias, quadros e objetos de uso pessoal de imigrantes de origem alem\u00e3. Parte do acervo \u00e9 oriundo da cole\u00e7\u00e3o do antigo Museu Hist\u00f3rico de Petr\u00f3polis, extinto em 1940, e cedido em comodato pelo Museu Imperial.<\/p>\n\n\n\n<p>Em raz\u00e3o da pandemia, o hor\u00e1rio est\u00e1 reduzido e seguindo todos os protocolos de seguran\u00e7a. Uso de m\u00e1scara \u00e9 obrigat\u00f3rio. O atrativo fica aberto de ter\u00e7a a domingo, das 8h30 \u00e0s 14h. A entrada \u00e9 franca. O telefone de contato \u00e9 o (24) 2247-3715 e o e-mail: casadocolonomuseus@gmail.com.<\/p>\n","protected":false},"excerpt":{"rendered":"<p>Foto: Guia da Estrada A Prefeitura vai reabrir ao p\u00fablico os museus Casa do Colono<\/p>\n","protected":false},"author":2,"featured_media":14236,"comment_status":"open","ping_status":"open","sticky":false,"template":"","format":"standard","meta":{"footnotes":""},"categories":[12],"tags":[],"class_list":["post-14235","post","type-post","status-publish","format-standard","has-post-thumbnail","hentry","category-cidade"],"_links":{"self":[{"href":"https:\/\/tvc16.com\/portal\/wp-json\/wp\/v2\/posts\/14235","targetHints":{"allow":["GET"]}}],"collection":[{"href":"https:\/\/tvc16.com\/portal\/wp-json\/wp\/v2\/posts"}],"about":[{"href":"https:\/\/tvc16.com\/portal\/wp-json\/wp\/v2\/types\/post"}],"author":[{"embeddable":true,"href":"https:\/\/tvc16.com\/portal\/wp-json\/wp\/v2\/users\/2"}],"replies":[{"embeddable":true,"href":"https:\/\/tvc16.com\/portal\/wp-json\/wp\/v2\/comments?post=14235"}],"version-history":[{"count":1,"href":"https:\/\/tvc16.com\/portal\/wp-json\/wp\/v2\/posts\/14235\/revisions"}],"predecessor-version":[{"id":14237,"href":"https:\/\/tvc16.com\/portal\/wp-json\/wp\/v2\/posts\/14235\/revisions\/14237"}],"wp:featuredmedia":[{"embeddable":true,"href":"https:\/\/tvc16.com\/portal\/wp-json\/wp\/v2\/media\/14236"}],"wp:attachment":[{"href":"https:\/\/tvc16.com\/portal\/wp-json\/wp\/v2\/media?parent=14235"}],"wp:term":[{"taxonomy":"category","embeddable":true,"href":"https:\/\/tvc16.com\/portal\/wp-json\/wp\/v2\/categories?post=14235"},{"taxonomy":"post_tag","embeddable":true,"href":"https:\/\/tvc16.com\/portal\/wp-json\/wp\/v2\/tags?post=14235"}],"curies":[{"name":"wp","href":"https:\/\/api.w.org\/{rel}","templated":true}]}}