{"id":14238,"date":"2021-05-10T10:27:50","date_gmt":"2021-05-10T13:27:50","guid":{"rendered":"https:\/\/tvc16.com\/portal\/?p=14238"},"modified":"2021-05-10T10:27:52","modified_gmt":"2021-05-10T13:27:52","slug":"traficante-do-rio-de-janeiro-e-preso-com-drogas-no-floresta","status":"publish","type":"post","link":"https:\/\/tvc16.com\/portal\/2021\/05\/10\/traficante-do-rio-de-janeiro-e-preso-com-drogas-no-floresta\/","title":{"rendered":"Traficante do Rio de Janeiro \u00e9 preso com drogas no Floresta"},"content":{"rendered":"\n<p>As Pol\u00edcias Civil e Militar realizaram uma a\u00e7\u00e3o no \u00faltimo s\u00e1bado (08) de combate ao tr\u00e1fico de drogas, na Rua Henrique Paix\u00e3o, no Floresta. Na ocasi\u00e3o um traficante da &#8220;Comunidade Barreira do Vasco&#8221;, no Rio de Janeiro, foi preso em flagrante com 94 pinos de coca\u00edna, quatro r\u00e1dios transmissores e R$ 280 em dinheiro. O acusado, que j\u00e1 tinha anota\u00e7\u00f5es criminais por tr\u00e1fico de roubo, tentou fugir mas foi capturado pelos agentes.<\/p>\n\n\n\n<p>De acordo com os policiais o homem tem envolvimento com a fac\u00e7\u00e3o criminosa Comando Vermelho, e veio atuar em Petr\u00f3polis a convite de outro traficante. Diante dos fatos ele foi preso e levado para a delegacia, onde foi autuado por tr\u00e1fico de entorpecentes e permaneceu preso.<\/p>\n","protected":false},"excerpt":{"rendered":"<p>As Pol\u00edcias Civil e Militar realizaram uma a\u00e7\u00e3o no \u00faltimo s\u00e1bado (08) de combate ao<\/p>\n","protected":false},"author":2,"featured_media":14239,"comment_status":"open","ping_status":"open","sticky":false,"template":"","format":"standard","meta":{"footnotes":""},"categories":[12],"tags":[],"class_list":["post-14238","post","type-post","status-publish","format-standard","has-post-thumbnail","hentry","category-cidade"],"_links":{"self":[{"href":"https:\/\/tvc16.com\/portal\/wp-json\/wp\/v2\/posts\/14238","targetHints":{"allow":["GET"]}}],"collection":[{"href":"https:\/\/tvc16.com\/portal\/wp-json\/wp\/v2\/posts"}],"about":[{"href":"https:\/\/tvc16.com\/portal\/wp-json\/wp\/v2\/types\/post"}],"author":[{"embeddable":true,"href":"https:\/\/tvc16.com\/portal\/wp-json\/wp\/v2\/users\/2"}],"replies":[{"embeddable":true,"href":"https:\/\/tvc16.com\/portal\/wp-json\/wp\/v2\/comments?post=14238"}],"version-history":[{"count":1,"href":"https:\/\/tvc16.com\/portal\/wp-json\/wp\/v2\/posts\/14238\/revisions"}],"predecessor-version":[{"id":14240,"href":"https:\/\/tvc16.com\/portal\/wp-json\/wp\/v2\/posts\/14238\/revisions\/14240"}],"wp:featuredmedia":[{"embeddable":true,"href":"https:\/\/tvc16.com\/portal\/wp-json\/wp\/v2\/media\/14239"}],"wp:attachment":[{"href":"https:\/\/tvc16.com\/portal\/wp-json\/wp\/v2\/media?parent=14238"}],"wp:term":[{"taxonomy":"category","embeddable":true,"href":"https:\/\/tvc16.com\/portal\/wp-json\/wp\/v2\/categories?post=14238"},{"taxonomy":"post_tag","embeddable":true,"href":"https:\/\/tvc16.com\/portal\/wp-json\/wp\/v2\/tags?post=14238"}],"curies":[{"name":"wp","href":"https:\/\/api.w.org\/{rel}","templated":true}]}}