{"id":14241,"date":"2021-05-10T10:41:07","date_gmt":"2021-05-10T13:41:07","guid":{"rendered":"https:\/\/tvc16.com\/portal\/?p=14241"},"modified":"2021-05-10T10:41:09","modified_gmt":"2021-05-10T13:41:09","slug":"menor-e-flagrando-vendendo-drogas-no-brejal","status":"publish","type":"post","link":"https:\/\/tvc16.com\/portal\/2021\/05\/10\/menor-e-flagrando-vendendo-drogas-no-brejal\/","title":{"rendered":"Menor \u00e9 flagrando vendendo drogas no Brejal"},"content":{"rendered":"\n<p>Um adolescente foi flagrado por uma equipe da PATAMO, da Pol\u00edcia Militar, vendendo drogas no Brejal, no distrito da Posse. Os agentes chegaram at\u00e9 ele atrav\u00e9s de den\u00fancias an\u00f4nimas e observaram a movimenta\u00e7\u00e3o no local at\u00e9 o momento em que o jovem foi abordado por um usu\u00e1rio de entorpecentes que queria comprar drogas. No momento da abordagem ele foi flagrado com 33 c\u00e1psulas de coca\u00edna e R$ 50 em dinheiro. J\u00e1 com o outro homem havia tr\u00eas c\u00e1psulas da mesma droga.<\/p>\n\n\n\n<p>Diante disso, ambos foram levados para a 106\u00aa Delegacia de Pol\u00edcia. O menor foi autuado em fato an\u00e1logo por tr\u00e1fico de drogas e permaneceu apreendido. O outro acusado foi autuado por posso e uso de entorpecentes e liberado ap\u00f3s prestar depoimento. Participaram da a\u00e7\u00e3o os cabos Lessa e Almeida.<\/p>\n","protected":false},"excerpt":{"rendered":"<p>Um adolescente foi flagrado por uma equipe da PATAMO, da Pol\u00edcia Militar, vendendo drogas no<\/p>\n","protected":false},"author":2,"featured_media":14242,"comment_status":"open","ping_status":"open","sticky":false,"template":"","format":"standard","meta":{"footnotes":""},"categories":[12],"tags":[],"class_list":["post-14241","post","type-post","status-publish","format-standard","has-post-thumbnail","hentry","category-cidade"],"_links":{"self":[{"href":"https:\/\/tvc16.com\/portal\/wp-json\/wp\/v2\/posts\/14241","targetHints":{"allow":["GET"]}}],"collection":[{"href":"https:\/\/tvc16.com\/portal\/wp-json\/wp\/v2\/posts"}],"about":[{"href":"https:\/\/tvc16.com\/portal\/wp-json\/wp\/v2\/types\/post"}],"author":[{"embeddable":true,"href":"https:\/\/tvc16.com\/portal\/wp-json\/wp\/v2\/users\/2"}],"replies":[{"embeddable":true,"href":"https:\/\/tvc16.com\/portal\/wp-json\/wp\/v2\/comments?post=14241"}],"version-history":[{"count":1,"href":"https:\/\/tvc16.com\/portal\/wp-json\/wp\/v2\/posts\/14241\/revisions"}],"predecessor-version":[{"id":14243,"href":"https:\/\/tvc16.com\/portal\/wp-json\/wp\/v2\/posts\/14241\/revisions\/14243"}],"wp:featuredmedia":[{"embeddable":true,"href":"https:\/\/tvc16.com\/portal\/wp-json\/wp\/v2\/media\/14242"}],"wp:attachment":[{"href":"https:\/\/tvc16.com\/portal\/wp-json\/wp\/v2\/media?parent=14241"}],"wp:term":[{"taxonomy":"category","embeddable":true,"href":"https:\/\/tvc16.com\/portal\/wp-json\/wp\/v2\/categories?post=14241"},{"taxonomy":"post_tag","embeddable":true,"href":"https:\/\/tvc16.com\/portal\/wp-json\/wp\/v2\/tags?post=14241"}],"curies":[{"name":"wp","href":"https:\/\/api.w.org\/{rel}","templated":true}]}}