{"id":14250,"date":"2021-05-10T10:50:47","date_gmt":"2021-05-10T13:50:47","guid":{"rendered":"https:\/\/tvc16.com\/portal\/?p=14250"},"modified":"2021-05-10T10:50:49","modified_gmt":"2021-05-10T13:50:49","slug":"segunda-etapa-de-vacinacao-contra-gripe-comeca-amanha","status":"publish","type":"post","link":"https:\/\/tvc16.com\/portal\/2021\/05\/10\/segunda-etapa-de-vacinacao-contra-gripe-comeca-amanha\/","title":{"rendered":"Segunda etapa de vacina\u00e7\u00e3o contra gripe come\u00e7a amanh\u00e3"},"content":{"rendered":"\n<h3 class=\"wp-block-heading\">Estimativa \u00e9 imunizar 79,7 milh\u00f5es de pessoas durante a campanha<\/h3>\n\n\n\n<h4 class=\"wp-block-heading\">Por Jonas Valente &#8211; Rep\u00f3rter da Ag\u00eancia Brasil &#8211; Bras\u00edlia<\/h4>\n\n\n\n<p>A&nbsp;segunda&nbsp;etapa da Campanha Nacional de Vacina\u00e7\u00e3o contra o v\u00edrus Influenza come\u00e7a amanh\u00e3 (11) e vai at\u00e9 o dia&nbsp;8 de junho.&nbsp;<img decoding=\"async\" src=\"https:\/\/agenciabrasil.ebc.com.br\/ebc.png?id=1409167&amp;o=node\"><img decoding=\"async\" src=\"https:\/\/agenciabrasil.ebc.com.br\/ebc.gif?id=1409167&amp;o=node\"><\/p>\n\n\n\n<p>Promovida pelo Minist\u00e9rio da Sa\u00fade em todo o territ\u00f3rio nacional, a campanha teve in\u00edcio no m\u00eas passado&nbsp;e a estimativa \u00e9 vacinar 79,7 milh\u00f5es de pessoas.&nbsp;<\/p>\n\n\n\n<p>A&nbsp;segunda&nbsp;etapa \u00e9 destinada a idosos com mais de 60 anos e professores. Cerca de 33 milh\u00f5es de pessoas dever\u00e3o ser imunizadas nessa fase.<\/p>\n\n\n\n<p>A terceira fase, entre&nbsp;9 de junho&nbsp;e&nbsp;9 de julho, abranger\u00e1 cerca de 22 milh\u00f5es de pessoas. Comp\u00f5em esse p\u00fablico-alvo integrantes das For\u00e7as Armadas, de seguran\u00e7a e de salvamento; pessoas com comorbidades, condi\u00e7\u00f5es cl\u00ednicas especiais ou com defici\u00eancia permanente; caminhoneiros; trabalhadores de transporte coletivo rodovi\u00e1rio; trabalhadores portu\u00e1rios; funcion\u00e1rios do sistema de priva\u00e7\u00e3o de liberdade; popula\u00e7\u00e3o privada de liberdade; e adolescentes em medidas socioeducativas.<\/p>\n\n\n\n<p>A campanha teve in\u00edcio no dia&nbsp;12 de abril&nbsp;com a vacina\u00e7\u00e3o de crian\u00e7as entre seis&nbsp;meses e seis&nbsp;anos, povos ind\u00edgenas, trabalhadores da \u00e1rea da sa\u00fade, gestantes e mulheres pu\u00e9rperas (que est\u00e3o no per\u00edodo de at\u00e9 45 dias ap\u00f3s o parto). &nbsp;Pessoas que tomaram a primeira ou a&nbsp;segunda&nbsp;dose da vacina contra a covid-19 devem esperar pelo menos 14 dias para tomar o imunizante contra a gripe.<\/p>\n\n\n\n<p>De acordo com o&nbsp;vacin\u00f4metro da campanha, j\u00e1 foram aplicadas 6,9 milh\u00f5es das 27, 3 milh\u00f5es de&nbsp;doses distribu\u00eddas a todos os estados.<\/p>\n\n\n\n<p>Edi\u00e7\u00e3o: Gra\u00e7a Adjuto<\/p>\n","protected":false},"excerpt":{"rendered":"<p>Estimativa \u00e9 imunizar 79,7 milh\u00f5es de pessoas durante a campanha Por Jonas Valente &#8211; Rep\u00f3rter<\/p>\n","protected":false},"author":2,"featured_media":0,"comment_status":"open","ping_status":"open","sticky":false,"template":"","format":"standard","meta":{"footnotes":""},"categories":[17],"tags":[],"class_list":["post-14250","post","type-post","status-publish","format-standard","hentry","category-outras-noticias"],"_links":{"self":[{"href":"https:\/\/tvc16.com\/portal\/wp-json\/wp\/v2\/posts\/14250","targetHints":{"allow":["GET"]}}],"collection":[{"href":"https:\/\/tvc16.com\/portal\/wp-json\/wp\/v2\/posts"}],"about":[{"href":"https:\/\/tvc16.com\/portal\/wp-json\/wp\/v2\/types\/post"}],"author":[{"embeddable":true,"href":"https:\/\/tvc16.com\/portal\/wp-json\/wp\/v2\/users\/2"}],"replies":[{"embeddable":true,"href":"https:\/\/tvc16.com\/portal\/wp-json\/wp\/v2\/comments?post=14250"}],"version-history":[{"count":1,"href":"https:\/\/tvc16.com\/portal\/wp-json\/wp\/v2\/posts\/14250\/revisions"}],"predecessor-version":[{"id":14252,"href":"https:\/\/tvc16.com\/portal\/wp-json\/wp\/v2\/posts\/14250\/revisions\/14252"}],"wp:attachment":[{"href":"https:\/\/tvc16.com\/portal\/wp-json\/wp\/v2\/media?parent=14250"}],"wp:term":[{"taxonomy":"category","embeddable":true,"href":"https:\/\/tvc16.com\/portal\/wp-json\/wp\/v2\/categories?post=14250"},{"taxonomy":"post_tag","embeddable":true,"href":"https:\/\/tvc16.com\/portal\/wp-json\/wp\/v2\/tags?post=14250"}],"curies":[{"name":"wp","href":"https:\/\/api.w.org\/{rel}","templated":true}]}}