{"id":14256,"date":"2021-05-10T10:53:24","date_gmt":"2021-05-10T13:53:24","guid":{"rendered":"https:\/\/tvc16.com\/portal\/?p=14256"},"modified":"2021-05-10T10:53:26","modified_gmt":"2021-05-10T13:53:26","slug":"media-de-mortes-diarias-por-covid-19-cai-28-em-um-mes-no-pais","status":"publish","type":"post","link":"https:\/\/tvc16.com\/portal\/2021\/05\/10\/media-de-mortes-diarias-por-covid-19-cai-28-em-um-mes-no-pais\/","title":{"rendered":"M\u00e9dia de mortes di\u00e1rias por covid-19 cai 28% em um m\u00eas no pa\u00eds"},"content":{"rendered":"\n<h3 class=\"wp-block-heading\">Pesquisa \u00e9 da Funda\u00e7\u00e3o Oswaldo Cruz<\/h3>\n\n\n\n<h4 class=\"wp-block-heading\">Por Vitor Abdala &#8211; Rep\u00f3rter da Ag\u00eancia Brasil &#8211; Rio de Janeiro<\/h4>\n\n\n\n<p>O n\u00famero de mortes di\u00e1rias por covid-19 no Brasil recuou 28,3% em um m\u00eas, de acordo com a m\u00e9dia m\u00f3vel de sete dias, divulgada pela Funda\u00e7\u00e3o Oswaldo Cruz (Fiocruz). Os dados mostram que ontem (9) a m\u00e9dia di\u00e1ria estava em 2.100 \u00f3bitos, abaixo dos 2.930 de 9 de abril.<img decoding=\"async\" src=\"https:\/\/agenciabrasil.ebc.com.br\/ebc.png?id=1409171&amp;o=node\"><img decoding=\"async\" src=\"https:\/\/agenciabrasil.ebc.com.br\/ebc.gif?id=1409171&amp;o=node\"><\/p>\n\n\n\n<p>Em 14 dias, a m\u00e9dia m\u00f3vel de mortes caiu 15,8%, j\u00e1 que, em 25 de abril, o n\u00famero de \u00f3bitos di\u00e1rios estava em 2.495.<\/p>\n\n\n\n<p>O \u00e1pice de mortes foi registrado em 12 de abril (3.124). Desde ent\u00e3o, os registros t\u00eam apresentado uma trajet\u00f3ria de queda, com algumas altas pontuais.<\/p>\n\n\n\n<p>A m\u00e9dia de m\u00f3vel de sete dias, divulgada pela Fiocruz, \u00e9 calculada somando-se os registros do dia com os seis dias anteriores e dividindo o resultado da soma por sete. O n\u00famero \u00e9 diferente daquele divulgado pelo Minist\u00e9rio da Sa\u00fade, que mostra apenas as ocorr\u00eancias de um dia espec\u00edfico.<\/p>\n\n\n\n<p>Edi\u00e7\u00e3o: Kleber Sampaio<\/p>\n","protected":false},"excerpt":{"rendered":"<p>Pesquisa \u00e9 da Funda\u00e7\u00e3o Oswaldo Cruz Por Vitor Abdala &#8211; Rep\u00f3rter da Ag\u00eancia Brasil &#8211;<\/p>\n","protected":false},"author":2,"featured_media":14257,"comment_status":"open","ping_status":"open","sticky":false,"template":"","format":"standard","meta":{"footnotes":""},"categories":[17],"tags":[],"class_list":["post-14256","post","type-post","status-publish","format-standard","has-post-thumbnail","hentry","category-outras-noticias"],"_links":{"self":[{"href":"https:\/\/tvc16.com\/portal\/wp-json\/wp\/v2\/posts\/14256","targetHints":{"allow":["GET"]}}],"collection":[{"href":"https:\/\/tvc16.com\/portal\/wp-json\/wp\/v2\/posts"}],"about":[{"href":"https:\/\/tvc16.com\/portal\/wp-json\/wp\/v2\/types\/post"}],"author":[{"embeddable":true,"href":"https:\/\/tvc16.com\/portal\/wp-json\/wp\/v2\/users\/2"}],"replies":[{"embeddable":true,"href":"https:\/\/tvc16.com\/portal\/wp-json\/wp\/v2\/comments?post=14256"}],"version-history":[{"count":1,"href":"https:\/\/tvc16.com\/portal\/wp-json\/wp\/v2\/posts\/14256\/revisions"}],"predecessor-version":[{"id":14258,"href":"https:\/\/tvc16.com\/portal\/wp-json\/wp\/v2\/posts\/14256\/revisions\/14258"}],"wp:featuredmedia":[{"embeddable":true,"href":"https:\/\/tvc16.com\/portal\/wp-json\/wp\/v2\/media\/14257"}],"wp:attachment":[{"href":"https:\/\/tvc16.com\/portal\/wp-json\/wp\/v2\/media?parent=14256"}],"wp:term":[{"taxonomy":"category","embeddable":true,"href":"https:\/\/tvc16.com\/portal\/wp-json\/wp\/v2\/categories?post=14256"},{"taxonomy":"post_tag","embeddable":true,"href":"https:\/\/tvc16.com\/portal\/wp-json\/wp\/v2\/tags?post=14256"}],"curies":[{"name":"wp","href":"https:\/\/api.w.org\/{rel}","templated":true}]}}