{"id":14265,"date":"2021-05-10T10:57:52","date_gmt":"2021-05-10T13:57:52","guid":{"rendered":"https:\/\/tvc16.com\/portal\/?p=14265"},"modified":"2021-05-10T10:57:54","modified_gmt":"2021-05-10T13:57:54","slug":"confronto-em-jerusalem-deixa-mais-de-300-feridos-em-mesquita","status":"publish","type":"post","link":"https:\/\/tvc16.com\/portal\/2021\/05\/10\/confronto-em-jerusalem-deixa-mais-de-300-feridos-em-mesquita\/","title":{"rendered":"Confronto em Jerusal\u00e9m deixa mais de 300 feridos em mesquita"},"content":{"rendered":"\n<h3 class=\"wp-block-heading\">Conflitos ocorreram diante da mesquita de Al-Aqsa<\/h3>\n\n\n\n<h4 class=\"wp-block-heading\">Por Jeffrey Heller &#8211; Rep\u00f3rter da Reuters &#8211; JERUSAL\u00c9M<\/h4>\n\n\n\n<p>Manifestantes palestinos atiraram pedras e policiais israelenses dispararam granadas de atordoamento e balas de borracha em confrontos diante da mesquita de Al-Aqsa, em Jerusal\u00e9m, nesta segunda-feira (10), quando Israel comemorou o anivers\u00e1rio da captura de partes da cidade na Guerra dos Seis Dias.<img decoding=\"async\" src=\"https:\/\/agenciabrasil.ebc.com.br\/ebc.png?id=1409182&amp;o=node\"><img decoding=\"async\" src=\"https:\/\/agenciabrasil.ebc.com.br\/ebc.gif?id=1409182&amp;o=node\"><\/p>\n\n\n\n<p>A Sociedade do Crescente Vermelho (movimento internacional humanit\u00e1rio) palestina disse que mais de 305 palestinos ficaram feridos no epis\u00f3dio e que ao menos 228 deles foram levados a hospitais. V\u00e1rios se encontram em estado grave, e a pol\u00edcia informou&nbsp;que 21 agentes ficaram feridos.<\/p>\n\n\n\n<p>Al-Aqsa, o terceiro local mais sagrado do Isl\u00e3, \u00e9 um foco de viol\u00eancia em Jerusal\u00e9m durante o m\u00eas mu\u00e7ulmano sagrado do Ramad\u00e3, e os conflitos causam&nbsp;preocupa\u00e7\u00e3o internacional.<\/p>\n\n\n\n<p>As tens\u00f5es aumentaram&nbsp;porque Israel comemorou o &#8220;Dia de Jerusal\u00e9m&#8221;, a celebra\u00e7\u00e3o anual da conquista de Jerusal\u00e9m Oriental e da Cidade Velha murada, que abriga s\u00edtios sagrados mu\u00e7ulmanos, judeus e crist\u00e3os.<\/p>\n\n\n\n<p>Na tentativa de amenizar a situa\u00e7\u00e3o, a pol\u00edcia israelense disse que proibiu que grupos judeus fizessem&nbsp;visitas nesta data \u00e0 pra\u00e7a sagrada que abriga Al-Aqsa, que \u00e9 reverenciada&nbsp;como o local original de templos b\u00edblicos.<\/p>\n\n\n\n<p>A pol\u00edcia tamb\u00e9m estudava redirecionar um desfile tradicional do Dia de Jerusal\u00e9m, no qual milhares de jovens judeus portando bandeiras de Israel atravessam o Port\u00e3o de Damasco da Cidade Velha e o Bairro Mu\u00e7ulmano.<\/p>\n\n\n\n<p>A pol\u00edcia disparou g\u00e1s, granadas de atordoamento e balas de borracha contra centenas de palestinos que os alvejaram com pedras na pra\u00e7a de Al-Aqsa, disseram testemunhas.<\/p>\n\n\n\n<p>A viol\u00eancia no complexo sagrado diminuiu v\u00e1rias horas depois de come\u00e7ar, e testemunhas disseram que a pol\u00edcia israelense come\u00e7ou a permitir a entrada de palestinos de mais de 40 anos.<\/p>\n\n\n\n<p>Em coment\u00e1rios p\u00fablicos, o primeiro-ministro de Israel, Benjamin Netanyahu, disse que seu pa\u00eds est\u00e1 determinado a manter a lei e a ordem em Jerusal\u00e9m, preservando ao mesmo tempo a &#8220;liberdade de culto e a toler\u00e2ncia a todos&#8221;.<\/p>\n\n\n\n<p>Nabil Abu Rudeineh, porta-voz do presidente palestino, Mahmoud Abbas, acusou &#8220;for\u00e7as de ocupa\u00e7\u00e3o israelenses&#8221; de realizarem uma &#8220;opera\u00e7\u00e3o brutal&#8221; em Al-Aqsa.<\/p>\n\n\n\n<p>As tens\u00f5es tamb\u00e9m s\u00e3o insufladas pelos planos de expuls\u00e3o de v\u00e1rias fam\u00edlias palestinas do bairro de Sheikh Jarrah, em Jerusal\u00e9m Oriental.<\/p>\n","protected":false},"excerpt":{"rendered":"<p>Conflitos ocorreram diante da mesquita de Al-Aqsa Por Jeffrey Heller &#8211; Rep\u00f3rter da Reuters &#8211;<\/p>\n","protected":false},"author":2,"featured_media":14266,"comment_status":"open","ping_status":"open","sticky":false,"template":"","format":"standard","meta":{"footnotes":""},"categories":[17],"tags":[],"class_list":["post-14265","post","type-post","status-publish","format-standard","has-post-thumbnail","hentry","category-outras-noticias"],"_links":{"self":[{"href":"https:\/\/tvc16.com\/portal\/wp-json\/wp\/v2\/posts\/14265","targetHints":{"allow":["GET"]}}],"collection":[{"href":"https:\/\/tvc16.com\/portal\/wp-json\/wp\/v2\/posts"}],"about":[{"href":"https:\/\/tvc16.com\/portal\/wp-json\/wp\/v2\/types\/post"}],"author":[{"embeddable":true,"href":"https:\/\/tvc16.com\/portal\/wp-json\/wp\/v2\/users\/2"}],"replies":[{"embeddable":true,"href":"https:\/\/tvc16.com\/portal\/wp-json\/wp\/v2\/comments?post=14265"}],"version-history":[{"count":1,"href":"https:\/\/tvc16.com\/portal\/wp-json\/wp\/v2\/posts\/14265\/revisions"}],"predecessor-version":[{"id":14267,"href":"https:\/\/tvc16.com\/portal\/wp-json\/wp\/v2\/posts\/14265\/revisions\/14267"}],"wp:featuredmedia":[{"embeddable":true,"href":"https:\/\/tvc16.com\/portal\/wp-json\/wp\/v2\/media\/14266"}],"wp:attachment":[{"href":"https:\/\/tvc16.com\/portal\/wp-json\/wp\/v2\/media?parent=14265"}],"wp:term":[{"taxonomy":"category","embeddable":true,"href":"https:\/\/tvc16.com\/portal\/wp-json\/wp\/v2\/categories?post=14265"},{"taxonomy":"post_tag","embeddable":true,"href":"https:\/\/tvc16.com\/portal\/wp-json\/wp\/v2\/tags?post=14265"}],"curies":[{"name":"wp","href":"https:\/\/api.w.org\/{rel}","templated":true}]}}