{"id":14268,"date":"2021-05-10T10:59:09","date_gmt":"2021-05-10T13:59:09","guid":{"rendered":"https:\/\/tvc16.com\/portal\/?p=14268"},"modified":"2021-05-10T10:59:11","modified_gmt":"2021-05-10T13:59:11","slug":"mais-de-2-mil-migrantes-chegam-a-lampedusa-em-24-horas","status":"publish","type":"post","link":"https:\/\/tvc16.com\/portal\/2021\/05\/10\/mais-de-2-mil-migrantes-chegam-a-lampedusa-em-24-horas\/","title":{"rendered":"Mais de 2 mil migrantes chegam a Lampedusa em 24 horas"},"content":{"rendered":"\n<h3 class=\"wp-block-heading\">Segundo o Acnur, h\u00e1 ainda v\u00e1rios pedidos de ajuda no Mediterr\u00e2neo<\/h3>\n\n\n\n<h4 class=\"wp-block-heading\">Por RTP &#8211; Roma<\/h4>\n\n\n\n<p>Mais de 2 mil&nbsp;migrantes chegaram a Lampedusa nas \u00faltimas 24 horas, num total de 20 embarca\u00e7\u00f5es, o que levou as autoridades da ilha, situada no sul da&nbsp;It\u00e1lia, a pedir ajuda ao primeiro-ministro, M\u00e1rio Draghi.<img decoding=\"async\" src=\"https:\/\/agenciabrasil.ebc.com.br\/ebc.png?id=1409177&amp;o=node\"><img decoding=\"async\" src=\"https:\/\/agenciabrasil.ebc.com.br\/ebc.gif?id=1409177&amp;o=node\"><\/p>\n\n\n\n<p>No total, 2.128 pessoas chegaram \u00e0 ilha em v\u00e1rios grupos de migrantes e foram socorridos pela Capitania do porto e pela Guarda Costeira.<\/p>\n\n\n\n<p>Durante a \u00faltima noite, chegaram a Lampedusa&nbsp;635 pessoas a bordo de quatro embarca\u00e7\u00f5es e, pouco antes da meia-noite, as autoridades mar\u00edtimas salvaram um barco de pesca com 352 migrantes, que se encontrava a 14 quil\u00f4metros da costa.<\/p>\n\n\n\n<p>O centro de recep\u00e7\u00e3o de Lampedusa, que pode acomodar cerca de 200 pessoas, est\u00e1 cheio e muitos dos migrantes est\u00e3o \u00e0 espera na doca de Favarolo, para serem transferidos a outros locais ou para embarca\u00e7\u00f5es de passageiros que o governo italiano providenciou a fim de que passem a quarentena.<\/p>\n\n\n\n<p>A organiza\u00e7\u00e3o n\u00e3o governamental Alarm Phone avisou, nesse domingo (9) \u00e0 noite que v\u00e1rias embarca\u00e7\u00f5es estavam na zona do Canal da Sic\u00edlia \u00e0 espera de ajuda.<\/p>\n\n\n\n<p>&#8220;H\u00e1 ainda v\u00e1rios pedidos de ajuda no Mediterr\u00e2neo.&nbsp;N\u00e3o se pode ignorar o que tem se passado h\u00e1 algum tempo&#8221;, escreveu a porta-voz na&nbsp;It\u00e1lia d0 Alto Comissariado das Na\u00e7\u00f5es Unidas para Refugiados (Acnur), Carlotta Sami, na rede social Twitter.<\/p>\n\n\n\n<p>O presidente da C\u00e2mara de Lampedusa, Tot\u00f2 Martello, j\u00e1 lan\u00e7ou o aviso ao primeiro-ministro de It\u00e1lia, Mario Draghi, e defende uma interven\u00e7\u00e3o e a realiza\u00e7\u00e3o de &#8220;um di\u00e1logo&#8221; com os pa\u00edses norte -africanos, dando prioridade \u00e0 L\u00edbia.<\/p>\n\n\n\n<p>&#8220;Compreendo que a prioridade de Draghi \u00e9 a pandemia de covid-19&nbsp;e a crise econ\u00f4mica, mas as emerg\u00eancias, quando se pode, como no caso dos migrantes, \u00e9 preciso preveni-las. A It\u00e1lia tem de construir uma estrat\u00e9gia. O [primeiro-ministro] tem de se mexer ou corremos o risco de, at\u00e9 o final do ver\u00e3o, 50 mil&nbsp;chegarem a essa ilha&#8221;, disse&nbsp;Martello.<\/p>\n\n\n\n<p>O secret\u00e1rio-geral do partido de extrema-direita Liga Norte, Matteo Salvini, que faz parte do governo de unidade nacional que apoia Draghi, pediu uma reuni\u00e3o urgente para discutir&nbsp;a quest\u00e3o dos fluxos migrat\u00f3rios.<\/p>\n\n\n\n<p>A ministra do Interior, Luciana Lamorgese, entrou&nbsp;ontem em contato com&nbsp;o primeiro-ministro&nbsp;e pediu que colocasse a quest\u00e3o da migra\u00e7\u00e3o no topo da agenda do pr\u00f3ximo Conselho de Ministros.<\/p>\n\n\n\n<p>Este ano, mais de 11 mil migrantes chegaram \u00e0 It\u00e1lia, o triplo do mesmo per\u00edodo do ano passado.<\/p>\n","protected":false},"excerpt":{"rendered":"<p>Segundo o Acnur, h\u00e1 ainda v\u00e1rios pedidos de ajuda no Mediterr\u00e2neo Por RTP &#8211; Roma<\/p>\n","protected":false},"author":2,"featured_media":14269,"comment_status":"open","ping_status":"open","sticky":false,"template":"","format":"standard","meta":{"footnotes":""},"categories":[17],"tags":[],"class_list":["post-14268","post","type-post","status-publish","format-standard","has-post-thumbnail","hentry","category-outras-noticias"],"_links":{"self":[{"href":"https:\/\/tvc16.com\/portal\/wp-json\/wp\/v2\/posts\/14268","targetHints":{"allow":["GET"]}}],"collection":[{"href":"https:\/\/tvc16.com\/portal\/wp-json\/wp\/v2\/posts"}],"about":[{"href":"https:\/\/tvc16.com\/portal\/wp-json\/wp\/v2\/types\/post"}],"author":[{"embeddable":true,"href":"https:\/\/tvc16.com\/portal\/wp-json\/wp\/v2\/users\/2"}],"replies":[{"embeddable":true,"href":"https:\/\/tvc16.com\/portal\/wp-json\/wp\/v2\/comments?post=14268"}],"version-history":[{"count":1,"href":"https:\/\/tvc16.com\/portal\/wp-json\/wp\/v2\/posts\/14268\/revisions"}],"predecessor-version":[{"id":14270,"href":"https:\/\/tvc16.com\/portal\/wp-json\/wp\/v2\/posts\/14268\/revisions\/14270"}],"wp:featuredmedia":[{"embeddable":true,"href":"https:\/\/tvc16.com\/portal\/wp-json\/wp\/v2\/media\/14269"}],"wp:attachment":[{"href":"https:\/\/tvc16.com\/portal\/wp-json\/wp\/v2\/media?parent=14268"}],"wp:term":[{"taxonomy":"category","embeddable":true,"href":"https:\/\/tvc16.com\/portal\/wp-json\/wp\/v2\/categories?post=14268"},{"taxonomy":"post_tag","embeddable":true,"href":"https:\/\/tvc16.com\/portal\/wp-json\/wp\/v2\/tags?post=14268"}],"curies":[{"name":"wp","href":"https:\/\/api.w.org\/{rel}","templated":true}]}}