{"id":14278,"date":"2021-05-11T09:41:32","date_gmt":"2021-05-11T12:41:32","guid":{"rendered":"https:\/\/tvc16.com\/portal\/?p=14278"},"modified":"2021-05-11T09:41:34","modified_gmt":"2021-05-11T12:41:34","slug":"coordenador-do-procon-registra-na-delegacia-furto-de-notebook-e-celular-da-sede-do-orgao","status":"publish","type":"post","link":"https:\/\/tvc16.com\/portal\/2021\/05\/11\/coordenador-do-procon-registra-na-delegacia-furto-de-notebook-e-celular-da-sede-do-orgao\/","title":{"rendered":"Coordenador do Procon registra na delegacia furto de notebook e celular da sede do \u00f3rg\u00e3o"},"content":{"rendered":"\n<p>O coordenador do Procon Petr\u00f3polis, Jorge Badia, registrou nesta segunda-feira (10) na 105\u00aa DP queixa por invas\u00e3o e furto de equipamentos da sede do \u00f3rg\u00e3o. O criminoso entrou por volta das 7h, atrav\u00e9s de um basculante nos fundos do im\u00f3vel e teve toda a a\u00e7\u00e3o registrada por c\u00e2meras de seguran\u00e7a. Foram levados um notebook, o carregador do aparelho, um celular de uma funcion\u00e1ria e mais um controle de televis\u00e3o. As imagens j\u00e1 est\u00e3o \u00e0 disposi\u00e7\u00e3o da pol\u00edcia.<\/p>\n","protected":false},"excerpt":{"rendered":"<p>O coordenador do Procon Petr\u00f3polis, Jorge Badia, registrou nesta segunda-feira (10) na 105\u00aa DP queixa<\/p>\n","protected":false},"author":2,"featured_media":14279,"comment_status":"open","ping_status":"open","sticky":false,"template":"","format":"standard","meta":{"footnotes":""},"categories":[12],"tags":[],"class_list":["post-14278","post","type-post","status-publish","format-standard","has-post-thumbnail","hentry","category-cidade"],"_links":{"self":[{"href":"https:\/\/tvc16.com\/portal\/wp-json\/wp\/v2\/posts\/14278","targetHints":{"allow":["GET"]}}],"collection":[{"href":"https:\/\/tvc16.com\/portal\/wp-json\/wp\/v2\/posts"}],"about":[{"href":"https:\/\/tvc16.com\/portal\/wp-json\/wp\/v2\/types\/post"}],"author":[{"embeddable":true,"href":"https:\/\/tvc16.com\/portal\/wp-json\/wp\/v2\/users\/2"}],"replies":[{"embeddable":true,"href":"https:\/\/tvc16.com\/portal\/wp-json\/wp\/v2\/comments?post=14278"}],"version-history":[{"count":1,"href":"https:\/\/tvc16.com\/portal\/wp-json\/wp\/v2\/posts\/14278\/revisions"}],"predecessor-version":[{"id":14280,"href":"https:\/\/tvc16.com\/portal\/wp-json\/wp\/v2\/posts\/14278\/revisions\/14280"}],"wp:featuredmedia":[{"embeddable":true,"href":"https:\/\/tvc16.com\/portal\/wp-json\/wp\/v2\/media\/14279"}],"wp:attachment":[{"href":"https:\/\/tvc16.com\/portal\/wp-json\/wp\/v2\/media?parent=14278"}],"wp:term":[{"taxonomy":"category","embeddable":true,"href":"https:\/\/tvc16.com\/portal\/wp-json\/wp\/v2\/categories?post=14278"},{"taxonomy":"post_tag","embeddable":true,"href":"https:\/\/tvc16.com\/portal\/wp-json\/wp\/v2\/tags?post=14278"}],"curies":[{"name":"wp","href":"https:\/\/api.w.org\/{rel}","templated":true}]}}