{"id":14281,"date":"2021-05-11T09:43:43","date_gmt":"2021-05-11T12:43:43","guid":{"rendered":"https:\/\/tvc16.com\/portal\/?p=14281"},"modified":"2021-05-11T09:43:45","modified_gmt":"2021-05-11T12:43:45","slug":"vacinacao-contra-influenza-gripe-pra-idosos-e-professores-comeca-nesta-terca-10-05","status":"publish","type":"post","link":"https:\/\/tvc16.com\/portal\/2021\/05\/11\/vacinacao-contra-influenza-gripe-pra-idosos-e-professores-comeca-nesta-terca-10-05\/","title":{"rendered":"Vacina\u00e7\u00e3o contra Influenza (gripe) pra idosos e professores come\u00e7a nesta ter\u00e7a (10\/05)"},"content":{"rendered":"\n<p>Secretaria de Sa\u00fade refor\u00e7a import\u00e2ncia de intervalo entre vacinas e apresenta\u00e7\u00e3o de cart\u00e3o de vacina\u00e7\u00e3o<\/p>\n\n\n\n<p>Seguindo o calend\u00e1rio de vacina\u00e7\u00e3o do Minist\u00e9rio da Sa\u00fade, a Secretaria de Sa\u00fade iniciou nesta ter\u00e7a-feira (11\/05) a segunda fase da imuniza\u00e7\u00e3o contra a influenza &#8211; v\u00edrus da gripe. Nesta etapa, a vacina\u00e7\u00e3o ter\u00e1 como p\u00fablico-alvo idosos e professores. Com a campanha de imuniza\u00e7\u00e3o contra a covid-19 tamb\u00e9m em andamento para a popula\u00e7\u00e3o com mais de 60 anos, a Secretaria de Sa\u00fade destaca a import\u00e2ncia do intervalo de 15 dias entre as vacinas, assim como a import\u00e2ncia da apresenta\u00e7\u00e3o do cart\u00e3o de vacina\u00e7\u00e3o no momento da imuniza\u00e7\u00e3o, que acontece em 39 postos de vacina\u00e7\u00e3o da cidade. Dados da Secretaria de Estado de Sa\u00fade apontam que, em Petr\u00f3polis, 127.117 pessoas devem ser vacinadas contra a gripe. Na primeira fase foram vacinadas 6.423 pessoas, entre trabalhadores da Sa\u00fade, gestantes, pu\u00e9rperas e crian\u00e7as na faixa et\u00e1ria entre seis meses e seis anos incompletos.<\/p>\n\n\n\n<p>\u201c\u00c9 fundamental que as pessoas estejam atentas neste momento em que temos duas campanhas de vacina\u00e7\u00e3o importantes em andamento. Por conta da vacina\u00e7\u00e3o contra a covid-19, o cronograma do Minist\u00e9rio para vacina\u00e7\u00e3o da gripe foi alterado. A campanha come\u00e7ou por profissionais de Sa\u00fade, gestantes, pu\u00e9rperas e crian\u00e7as com idade entre 6 meses e 6 anos incompletos. Nesta segunda etapa teremos professores e idosos. \u00c9 fundamental que eles respeitem o intervalo entre as vacinas e n\u00e3o esque\u00e7am de levar o cart\u00e3o de vacina\u00e7\u00e3o quando se apresentarem nos postos\u201d, destaca o secret\u00e1rio de Sa\u00fade Aloisio Barbosa da Silva Filho.<\/p>\n\n\n\n<p>O calend\u00e1rio do Minist\u00e9rio da Sa\u00fade prev\u00ea que a terceira fase da vacina\u00e7\u00e3o contra a influenza ter\u00e1 in\u00edcio em 9 de junho, com a vacina\u00e7\u00e3o de pessoas com comorbidades e defici\u00eancia permanente; caminhoneiros, trabalhadores de transporte coletivo; for\u00e7as de seguran\u00e7a e Salvamento, armadas; popula\u00e7\u00e3o privada de liberdade, adolescente e jovens, com idade entre 12 e 21 anos, em medidas socioeducativas.<\/p>\n\n\n\n<p>A Secretaria de Sa\u00fade destaca que &#8211; diferente da vacina\u00e7\u00e3o contra a covid-19 &#8211; para a vacina\u00e7\u00e3o contra a influenza n\u00e3o \u00e9 necess\u00e1rio preenchimento de cadastro, basta ase dirigir a um dos pontos de vacina\u00e7\u00e3o.<\/p>\n\n\n\n<p>A vacina\u00e7\u00e3o contra a influenza est\u00e1 sendo realizada nos seguintes posto: no Centro de Sa\u00fade (Centro); PSF Caxamb\u00fa, PSF 24 de Maio, PSF Alto da Serra, PSF Meio da Serra, UBS Morin, PSF Sargento Boening, PSF Vila Felipe, PSF Alto da Serra, PSF Dr. Thouzet, UBS Alto Independ\u00eancia, UBS Quitandinha, PSF Santa Trindade, PSF Bairro Castrioto, UBS Mosela, PSF Moinho Preto, PSF Bataillard, PSF Pedras Brancas, Ambulat\u00f3rio Escola, UBS Itamarati, Ambulat\u00f3rio Hospital Alcides Carneiro, UBS Retiro, PSF Castelo S\u00e3o Manoel, PSF Jardim Salvador, PSF Carangola, PSF Vale do Carangola, PSF Fazenda Inglesa, UBS Araras, PSF Vale das Videiras, PSF Bonfim, PSF \u00c1guas Lindas, UBS Itaipava, PSF 1\u00ba de Maio, PSF Boa Esperan\u00e7a, UBS Pedro do Rio, PSF Vila Rica, PSF Secret\u00e1rio, PSF Posse e PSF Brejal.<\/p>\n\n\n\n<p>A vacina\u00e7\u00e3o acontece das 9h \u00e0s 16h nas Unidade B\u00e1sicas de Sa\u00fade (UBSs). Nos 27 PSF\u2019s equipes aplicam as vacinas das 9h \u00e0s 12h e das13h \u00e0s 16h. Os PSF\u2019s do Brejal e do Vale das Videiras t\u00eam hor\u00e1rio diferenciado, com vacina\u00e7\u00e3o encerrada \u00e0s 15h.<\/p>\n\n\n\n<p>A Secretaria de Sa\u00fade lembra que a organiza\u00e7\u00e3o da campanha este ano \u00e9 diferenciada, tendo em vista que a campanha de imuniza\u00e7\u00e3o contra a gripe acontece em paralelo com a vacina\u00e7\u00e3o contra a covid-19. A Secretaria de Sa\u00fade destaca mais uma vez que \u00e9 necess\u00e1rio um intervalo de 15 dias entre a aplica\u00e7\u00e3o das vacinas contra a influenza e a covid-19.<\/p>\n\n\n\n<p>Quem pode se vacinar contra a influenza:<\/p>\n\n\n\n<p>1\u00aa fase: Profissionais de Sa\u00fade, gestantes, pu\u00e9rperas e crian\u00e7as com idade entre 6 meses e 6 anos incompletos \u2013 a partir de 19\/04<\/p>\n\n\n\n<p>2\u00aa fase: Idosos com mais de 60 anos e professores \u2013 a partir de 11\/05.<\/p>\n\n\n\n<p>3\u00aa fase: de pessoas com comorbidades e defici\u00eancia permanente; caminhoneiros, trabalhadores de transporte coletivo; for\u00e7as de seguran\u00e7a e Salvamento, armadas; popula\u00e7\u00e3o privada de liberdade, adolescente e jovens, com idade entre 12 e 21 anos, em medidas socioeducativas \u2013 a partir de 09\/06<\/p>\n","protected":false},"excerpt":{"rendered":"<p>Secretaria de Sa\u00fade refor\u00e7a import\u00e2ncia de intervalo entre vacinas e apresenta\u00e7\u00e3o de cart\u00e3o de vacina\u00e7\u00e3o<\/p>\n","protected":false},"author":2,"featured_media":14282,"comment_status":"open","ping_status":"open","sticky":false,"template":"","format":"standard","meta":{"footnotes":""},"categories":[12],"tags":[],"class_list":["post-14281","post","type-post","status-publish","format-standard","has-post-thumbnail","hentry","category-cidade"],"_links":{"self":[{"href":"https:\/\/tvc16.com\/portal\/wp-json\/wp\/v2\/posts\/14281","targetHints":{"allow":["GET"]}}],"collection":[{"href":"https:\/\/tvc16.com\/portal\/wp-json\/wp\/v2\/posts"}],"about":[{"href":"https:\/\/tvc16.com\/portal\/wp-json\/wp\/v2\/types\/post"}],"author":[{"embeddable":true,"href":"https:\/\/tvc16.com\/portal\/wp-json\/wp\/v2\/users\/2"}],"replies":[{"embeddable":true,"href":"https:\/\/tvc16.com\/portal\/wp-json\/wp\/v2\/comments?post=14281"}],"version-history":[{"count":1,"href":"https:\/\/tvc16.com\/portal\/wp-json\/wp\/v2\/posts\/14281\/revisions"}],"predecessor-version":[{"id":14283,"href":"https:\/\/tvc16.com\/portal\/wp-json\/wp\/v2\/posts\/14281\/revisions\/14283"}],"wp:featuredmedia":[{"embeddable":true,"href":"https:\/\/tvc16.com\/portal\/wp-json\/wp\/v2\/media\/14282"}],"wp:attachment":[{"href":"https:\/\/tvc16.com\/portal\/wp-json\/wp\/v2\/media?parent=14281"}],"wp:term":[{"taxonomy":"category","embeddable":true,"href":"https:\/\/tvc16.com\/portal\/wp-json\/wp\/v2\/categories?post=14281"},{"taxonomy":"post_tag","embeddable":true,"href":"https:\/\/tvc16.com\/portal\/wp-json\/wp\/v2\/tags?post=14281"}],"curies":[{"name":"wp","href":"https:\/\/api.w.org\/{rel}","templated":true}]}}