{"id":14284,"date":"2021-05-11T09:45:23","date_gmt":"2021-05-11T12:45:23","guid":{"rendered":"https:\/\/tvc16.com\/portal\/?p=14284"},"modified":"2021-05-11T09:46:42","modified_gmt":"2021-05-11T12:46:42","slug":"vacinacao-contra-a-covid-19-em-petropolis-saiba-se-voce-ja-pode-se-cadastrar","status":"publish","type":"post","link":"https:\/\/tvc16.com\/portal\/2021\/05\/11\/vacinacao-contra-a-covid-19-em-petropolis-saiba-se-voce-ja-pode-se-cadastrar\/","title":{"rendered":"Vacina\u00e7\u00e3o contra a covid-19 em Petr\u00f3polis: saiba se voc\u00ea j\u00e1 pode se cadastrar"},"content":{"rendered":"\n<p>A amplia\u00e7\u00e3o do p\u00fablico na campanha de vacina\u00e7\u00e3o contra a covid-19 est\u00e1 deixando algumas pessoas na d\u00favida. Afinal, quem pode se cadastrar para tomar a vacina neste momento? A Prefeitura fez uma lista dos p\u00fablicos j\u00e1 convocados. Se voc\u00ea faz parte dela e ainda n\u00e3o fez o agendamento para tomar a primeira dose, \u00e9 s\u00f3 acessar o site da Prefeitura de Petr\u00f3polis (www.petropolis.rj.gov.br) e clicar no link \u201cCadastro Vacina\u00e7\u00e3o Covid\u201d. Basta seguir o passo a passo para fazer o cadastramento.<\/p>\n\n\n\n<p>Se ainda assim houver d\u00favidas uma dica \u00e9 utilizar o novo assistente virtual da Secretaria de Sa\u00fade, que funciona por meio do whatsapp. \u00c9 poss\u00edvel obter informa\u00e7\u00f5es sobre a vacina\u00e7\u00e3o, locais de atendimento a pacientes com sintomas da doen\u00e7a e boletins. H\u00e1, ainda, informa\u00e7\u00f5es sobre a vacina\u00e7\u00e3o contra a gripe. O atendimento \u00e9 pelo n\u00famero (24) 9.9200-1428. O sistema \u00e9 totalmente automatizado e funciona 24 horas.<\/p>\n\n\n\n<p>Aten\u00e7\u00e3o a quem pode se cadastrar para tomar a vacina contra a covid-19 neste momento:<\/p>\n\n\n\n<ul class=\"wp-block-list\"><li>pessoas com comorbidades (listadas no Plano Nacional de Imuniza\u00e7\u00e3o) maiores de 55 anos<\/li><li>trabalhadores da Sa\u00fade a partir de 35 anos<\/li><li>pessoas com s\u00edndrome de down maiores de 18 anos<\/li><li>pessoas com autismo maiores de 18 anos<\/li><li>pacientes renais cr\u00f4nicos em di\u00e1lise maiores de 18 anos<\/li><li>pessoas com defici\u00eancia permanente cadastradas no Programa de Benef\u00edcio de Presta\u00e7\u00e3o Continuada (BPC) com mais de 55 anos.<\/li><li>Idosos com mais de 60 anos<\/li><\/ul>\n\n\n\n<p>Quem pode tomar a vacina sem cadastramento:<\/p>\n\n\n\n<p>Gestantes e pu\u00e9rperas maiores de 18 anos com comorbidades<\/p>\n\n\n\n<p>*Importante lembrar que a rela\u00e7\u00e3o de comorbidades que permitem a vacina\u00e7\u00e3o neste momento conta no Plano Nacional de Imuniza\u00e7\u00e3o (PNI), do Minist\u00e9rio da Sa\u00fade. A lista completa pode ser conferida no site de cadastramento. \u00c9 necess\u00e1rio apresentar documenta\u00e7\u00e3o comprovando a comorbidade, tamb\u00e9m conforme prev\u00ea o plano de vacina\u00e7\u00e3o.<\/p>\n","protected":false},"excerpt":{"rendered":"<p>A amplia\u00e7\u00e3o do p\u00fablico na campanha de vacina\u00e7\u00e3o contra a covid-19 est\u00e1 deixando algumas pessoas<\/p>\n","protected":false},"author":2,"featured_media":14287,"comment_status":"open","ping_status":"open","sticky":false,"template":"","format":"standard","meta":{"footnotes":""},"categories":[12],"tags":[],"class_list":["post-14284","post","type-post","status-publish","format-standard","has-post-thumbnail","hentry","category-cidade"],"_links":{"self":[{"href":"https:\/\/tvc16.com\/portal\/wp-json\/wp\/v2\/posts\/14284","targetHints":{"allow":["GET"]}}],"collection":[{"href":"https:\/\/tvc16.com\/portal\/wp-json\/wp\/v2\/posts"}],"about":[{"href":"https:\/\/tvc16.com\/portal\/wp-json\/wp\/v2\/types\/post"}],"author":[{"embeddable":true,"href":"https:\/\/tvc16.com\/portal\/wp-json\/wp\/v2\/users\/2"}],"replies":[{"embeddable":true,"href":"https:\/\/tvc16.com\/portal\/wp-json\/wp\/v2\/comments?post=14284"}],"version-history":[{"count":1,"href":"https:\/\/tvc16.com\/portal\/wp-json\/wp\/v2\/posts\/14284\/revisions"}],"predecessor-version":[{"id":14286,"href":"https:\/\/tvc16.com\/portal\/wp-json\/wp\/v2\/posts\/14284\/revisions\/14286"}],"wp:featuredmedia":[{"embeddable":true,"href":"https:\/\/tvc16.com\/portal\/wp-json\/wp\/v2\/media\/14287"}],"wp:attachment":[{"href":"https:\/\/tvc16.com\/portal\/wp-json\/wp\/v2\/media?parent=14284"}],"wp:term":[{"taxonomy":"category","embeddable":true,"href":"https:\/\/tvc16.com\/portal\/wp-json\/wp\/v2\/categories?post=14284"},{"taxonomy":"post_tag","embeddable":true,"href":"https:\/\/tvc16.com\/portal\/wp-json\/wp\/v2\/tags?post=14284"}],"curies":[{"name":"wp","href":"https:\/\/api.w.org\/{rel}","templated":true}]}}