{"id":14291,"date":"2021-05-11T09:53:41","date_gmt":"2021-05-11T12:53:41","guid":{"rendered":"https:\/\/tvc16.com\/portal\/?p=14291"},"modified":"2021-05-11T09:53:43","modified_gmt":"2021-05-11T12:53:43","slug":"prefeitura-inicia-intervencoes-na-praca-do-skate","status":"publish","type":"post","link":"https:\/\/tvc16.com\/portal\/2021\/05\/11\/prefeitura-inicia-intervencoes-na-praca-do-skate\/","title":{"rendered":"Prefeitura inicia interven\u00e7\u00f5es na Pra\u00e7a do Skate"},"content":{"rendered":"\n<p>Buscando incentivar a pr\u00e1tica de esportes, a prefeitura de Petr\u00f3polis deu in\u00edcio \u00e0s interven\u00e7\u00f5es na estrutura da Pra\u00e7a Duque de Caxias, conhecida popularmente como Pra\u00e7a do Skate. O trabalho envolve servi\u00e7os de concretagem e pintura do espa\u00e7o. Nesta segunda-feira (10), o Departamento de Ilumina\u00e7\u00e3o P\u00fablica esteve no local para avaliar poss\u00edveis melhorias no local.<\/p>\n\n\n\n<p>As melhorias da Pra\u00e7a Duque de Caxias s\u00e3o uma contrapartida do munic\u00edpio para o recebimento do projeto Skate Escola. O programa do Governo Federal chegar\u00e1 em Petr\u00f3polis para atender at\u00e9 150 crian\u00e7as e adolescentes com aulas de skate. O munic\u00edpio vai contar com dois n\u00facleos &#8211; um na Pra\u00e7a Duque de Caxias e outro no Parque Municipal, em Itaipava.<\/p>\n\n\n\n<p>\u201cEstamos na expectativa da chegada do projeto Skate Escola. Ser\u00e1 um importante incentivo \u00e0 pratica da modalidade\u201d, disse o prefeito interino Hingo Hammes, lembrando tamb\u00e9m que a Guarda Civil vai fortalecer a ronda no local.<\/p>\n\n\n\n<p>O projeto ser\u00e1 realizado no contraturno das aulas escolares. A din\u00e2mica prev\u00ea a forma\u00e7\u00e3o de quatro turmas por trimestre com o n\u00famero m\u00e1ximo de 15 alunos. Os meninos e meninas ser\u00e3o divididos por faixa et\u00e1ria e os materiais, como equipamento de prote\u00e7\u00e3o e skate, ser\u00e3o fornecidos. Um professor de educa\u00e7\u00e3o f\u00edsica, um instrutor de skate e um coordenador t\u00e9cnico ser\u00e3o os supervisores do programa. O governo municipal aguarda a Uni\u00e3o para efetivar o programa, que ter\u00e1 16 meses de dura\u00e7\u00e3o: quatro de implementa\u00e7\u00e3o e 12 de atividades.<\/p>\n\n\n\n<p>O secret\u00e1rio de Esportes, Promo\u00e7\u00e3o da Sa\u00fade, Juventude, Idoso e Lazer, Leandro Kronemberger, destaca o trabalho social envolvido no projeto. \u201cAl\u00e9m de estimular a pr\u00e1tica esportiva entre jovens, vamos ajudar a combater a evas\u00e3o escolar, a criminalidade e o uso de entorpecentes pelos jovens\u201d.<\/p>\n\n\n\n<p>Al\u00e9m da prefeitura e do governo federal, outro elo do projeto \u00e9 a Confedera\u00e7\u00e3o Brasileira de Skate (CBSK). A CBSK trabalhar\u00e1 na coordena\u00e7\u00e3o junto com as cidades e no treinamento de instrutores que dar\u00e3o as aulas. \u201cNo ano em que o skate se torna oficialmente esporte ol\u00edmpico e estar\u00e1 presente nos Jogos de T\u00f3quio, vamos promover a inclus\u00e3o social de crian\u00e7as e pr\u00e9-adolescentes atrav\u00e9s da modalidade, beneficiando familiares e a comunidade como um todo\u201d, completa Hingo Hammes.<\/p>\n","protected":false},"excerpt":{"rendered":"<p>Buscando incentivar a pr\u00e1tica de esportes, a prefeitura de Petr\u00f3polis deu in\u00edcio \u00e0s interven\u00e7\u00f5es na<\/p>\n","protected":false},"author":2,"featured_media":14292,"comment_status":"open","ping_status":"open","sticky":false,"template":"","format":"standard","meta":{"footnotes":""},"categories":[12],"tags":[],"class_list":["post-14291","post","type-post","status-publish","format-standard","has-post-thumbnail","hentry","category-cidade"],"_links":{"self":[{"href":"https:\/\/tvc16.com\/portal\/wp-json\/wp\/v2\/posts\/14291","targetHints":{"allow":["GET"]}}],"collection":[{"href":"https:\/\/tvc16.com\/portal\/wp-json\/wp\/v2\/posts"}],"about":[{"href":"https:\/\/tvc16.com\/portal\/wp-json\/wp\/v2\/types\/post"}],"author":[{"embeddable":true,"href":"https:\/\/tvc16.com\/portal\/wp-json\/wp\/v2\/users\/2"}],"replies":[{"embeddable":true,"href":"https:\/\/tvc16.com\/portal\/wp-json\/wp\/v2\/comments?post=14291"}],"version-history":[{"count":1,"href":"https:\/\/tvc16.com\/portal\/wp-json\/wp\/v2\/posts\/14291\/revisions"}],"predecessor-version":[{"id":14293,"href":"https:\/\/tvc16.com\/portal\/wp-json\/wp\/v2\/posts\/14291\/revisions\/14293"}],"wp:featuredmedia":[{"embeddable":true,"href":"https:\/\/tvc16.com\/portal\/wp-json\/wp\/v2\/media\/14292"}],"wp:attachment":[{"href":"https:\/\/tvc16.com\/portal\/wp-json\/wp\/v2\/media?parent=14291"}],"wp:term":[{"taxonomy":"category","embeddable":true,"href":"https:\/\/tvc16.com\/portal\/wp-json\/wp\/v2\/categories?post=14291"},{"taxonomy":"post_tag","embeddable":true,"href":"https:\/\/tvc16.com\/portal\/wp-json\/wp\/v2\/tags?post=14291"}],"curies":[{"name":"wp","href":"https:\/\/api.w.org\/{rel}","templated":true}]}}