{"id":14294,"date":"2021-05-11T09:55:39","date_gmt":"2021-05-11T12:55:39","guid":{"rendered":"https:\/\/tvc16.com\/portal\/?p=14294"},"modified":"2021-05-11T09:55:41","modified_gmt":"2021-05-11T12:55:41","slug":"pouco-mais-de-mil-pessoas-sao-vacinadas-contra-covid-19-nesta-segunda-feira","status":"publish","type":"post","link":"https:\/\/tvc16.com\/portal\/2021\/05\/11\/pouco-mais-de-mil-pessoas-sao-vacinadas-contra-covid-19-nesta-segunda-feira\/","title":{"rendered":"Pouco mais de mil pessoas s\u00e3o vacinadas contra covid-19 nesta segunda-feira"},"content":{"rendered":"\n<p>As equipes de enfermagem, sob coordena\u00e7\u00e3o do departamento de Vigil\u00e2ncia em Sa\u00fade, deram sequ\u00eancia nesta segunda-feira (10\/05) a vacina\u00e7\u00e3o contra a Covid-19. Durante todo o dia, 1.183 pessoas foram vacinadas na cidade. Destas 976 receberam a primeira dose e 207 receberam a segunda dose. At\u00e9 o momento 68.496 pessoas receberam a primeira dose. Destas, 31.748 receberam a segunda dose do imunizante.<\/p>\n\n\n\n<p>Nos pontos de vacina\u00e7\u00e3o foram vacinados 333 idosos, sendo 303 com a primeira dose e 30 com a segunda dose, dos quais tr\u00eas idosos acamados. Foram vacinados ainda cinco gestantes, cinco pu\u00e9rperas (m\u00e3es que tiveram beb\u00ea a at\u00e9 60 dias), 53 deficientes e 497 pessoas com comorbidades. Equipes vacinaram ainda nove pacientes cr\u00f4nicos acamados, sendo cinco com a primeira dose e quatro com a segunda dose.<\/p>\n\n\n\n<p>Em paralelo, as equipes vacinaram 281 profissionais de Sa\u00fade, sendo 108 com a primeira dose e 173 com a segunda dose do imunizante.<br>A campanha de imuniza\u00e7\u00e3o segue em 10 pontos de vacina\u00e7\u00e3o da cidade. Para profissionais de Sa\u00fade, a vacina\u00e7\u00e3o acontece na Casa da Educa\u00e7\u00e3o \u2013 Casa do Visconde de Mau\u00e1 (Centro). Para os demais p\u00fablicos a vacina\u00e7\u00e3o segue no Petropolitano Futebol Clube (Centro), na Escola Municipal Josemar Contage (Correas), no Clube Palmeira (Itamarati), na Casa de Portugal (Quitandinha), e no antigo posto de Sa\u00fade da Posse. <\/p>\n\n\n\n<p>A vacina\u00e7\u00e3o tamb\u00e9m segue em sistema de drive thru na UCP Benjamim Constant (Centro), no Parque Municipal (Itaipava), na \u00e1rea externa do gin\u00e1sio da UCP (Bingen) e no G1 do Hipershopping (Alto da Serra).<br>O cadastro para vacina\u00e7\u00e3o deve ser preenchido no site da prefeitura (www.petr\u00f3polis.rj.gov.br)<\/p>\n\n\n\n<p>Podem se cadastrar para tomar a vacina contra a covid-19 neste momento:<\/p>\n\n\n\n<ul class=\"wp-block-list\"><li>pessoas com comorbidades (listadas no Plano Nacional de Imuniza\u00e7\u00e3o) maiores de 55 anos<\/li><li>trabalhadores da Sa\u00fade a partir de 35 anos<\/li><li>pessoas com s\u00edndrome de down maiores de 18 anos<\/li><li>pessoas com autismo maiores de 18 anos<\/li><li>pacientes renais cr\u00f4nicos em di\u00e1lise maiores de 18 anos<\/li><li>pessoas com defici\u00eancia permanente cadastradas no Programa de Benef\u00edcio de Presta\u00e7\u00e3o Continuada (BPC) com mais de 55 anos.<\/li><li>Idosos com mais de 60 anos<br>*Gestantes e pu\u00e9rperas maiores de 18 anos com comorbidades n\u00e3o precisam se cadastrar para vacina\u00e7\u00e3o.<\/li><\/ul>\n","protected":false},"excerpt":{"rendered":"<p>As equipes de enfermagem, sob coordena\u00e7\u00e3o do departamento de Vigil\u00e2ncia em Sa\u00fade, deram sequ\u00eancia nesta<\/p>\n","protected":false},"author":2,"featured_media":14295,"comment_status":"open","ping_status":"open","sticky":false,"template":"","format":"standard","meta":{"footnotes":""},"categories":[12],"tags":[],"class_list":["post-14294","post","type-post","status-publish","format-standard","has-post-thumbnail","hentry","category-cidade"],"_links":{"self":[{"href":"https:\/\/tvc16.com\/portal\/wp-json\/wp\/v2\/posts\/14294","targetHints":{"allow":["GET"]}}],"collection":[{"href":"https:\/\/tvc16.com\/portal\/wp-json\/wp\/v2\/posts"}],"about":[{"href":"https:\/\/tvc16.com\/portal\/wp-json\/wp\/v2\/types\/post"}],"author":[{"embeddable":true,"href":"https:\/\/tvc16.com\/portal\/wp-json\/wp\/v2\/users\/2"}],"replies":[{"embeddable":true,"href":"https:\/\/tvc16.com\/portal\/wp-json\/wp\/v2\/comments?post=14294"}],"version-history":[{"count":1,"href":"https:\/\/tvc16.com\/portal\/wp-json\/wp\/v2\/posts\/14294\/revisions"}],"predecessor-version":[{"id":14296,"href":"https:\/\/tvc16.com\/portal\/wp-json\/wp\/v2\/posts\/14294\/revisions\/14296"}],"wp:featuredmedia":[{"embeddable":true,"href":"https:\/\/tvc16.com\/portal\/wp-json\/wp\/v2\/media\/14295"}],"wp:attachment":[{"href":"https:\/\/tvc16.com\/portal\/wp-json\/wp\/v2\/media?parent=14294"}],"wp:term":[{"taxonomy":"category","embeddable":true,"href":"https:\/\/tvc16.com\/portal\/wp-json\/wp\/v2\/categories?post=14294"},{"taxonomy":"post_tag","embeddable":true,"href":"https:\/\/tvc16.com\/portal\/wp-json\/wp\/v2\/tags?post=14294"}],"curies":[{"name":"wp","href":"https:\/\/api.w.org\/{rel}","templated":true}]}}