{"id":14297,"date":"2021-05-11T10:11:34","date_gmt":"2021-05-11T13:11:34","guid":{"rendered":"https:\/\/tvc16.com\/portal\/?p=14297"},"modified":"2021-05-11T10:11:36","modified_gmt":"2021-05-11T13:11:36","slug":"mostra-emi-destaca-trabalhos-de-alunos-do-ensino-medio-integrado-em-audio-e-video-do-colegio-dom-pedro-ii","status":"publish","type":"post","link":"https:\/\/tvc16.com\/portal\/2021\/05\/11\/mostra-emi-destaca-trabalhos-de-alunos-do-ensino-medio-integrado-em-audio-e-video-do-colegio-dom-pedro-ii\/","title":{"rendered":"Mostra EMI destaca trabalhos de alunos do ensino m\u00e9dio integrado em \u00e1udio e v\u00eddeo do Col\u00e9gio Dom Pedro II"},"content":{"rendered":"\n<p>A edi\u00e7\u00e3o da Mostra EMI \u00c1udio e V\u00eddeo de 2020 poder\u00e1 ser revista neste m\u00eas de maio, e desta vez com novas participa\u00e7\u00f5es. Realizada presencial e anualmente no m\u00eas de julho, por conta das medidas restritivas de isolamento social em fun\u00e7\u00e3o da pandemia do coronav\u00edrus, o evento precisou ser adiado e aconteceu em dezembro de 2020. E agora, como foi contemplada no edital de sele\u00e7\u00e3o de projetos art\u00edsticos e culturais 01\/2020 financiado pelo Fundo Municipal de Cultura de Petr\u00f3polis, a MOSTRA EMI ganha nova vers\u00e3o nos dias 12, 13 e 20 de maio de 2021, e poder\u00e1 ser acompanhada pelo canal YouTube EMI \u00c1udio e V\u00eddeo Petr\u00f3polis (as informa\u00e7\u00f5es sobre o evento e formas de acesso ao conte\u00fado que ser\u00e1 exibido tamb\u00e9m ser\u00e3o disponibilizadas nas redes sociais do EMI-AV, no Instagram (@emi.av.pet) e no Facebook (\/emipav.pet).<\/p>\n\n\n\n<p>O intuito da Mostra \u00e9 dar visibilidade aos filmes produzidos pelos adolescentes do EMI-AV, uma forma de compartilharem suas experi\u00eancias como produtores de conte\u00fado audiovisual, discutir temas relevantes para a sociedade e a cidadania, e fomentar a forma\u00e7\u00e3o de plateias cr\u00edticas para o cinema, a tv e a publicidade. Uma oportunidade tamb\u00e9m para esses jovens talentos mostrarem sua produ\u00e7\u00e3o para os familiares, amigos e poss\u00edveis empregadores e, nesta edi\u00e7\u00e3o on-line, at\u00e9 atingir outros p\u00fablicos e regi\u00f5es, incentivando assim um interc\u00e2mbio cultural e de ideias atrav\u00e9s de sons e imagens.<\/p>\n\n\n\n<p>A programa\u00e7\u00e3o foi dividida em tr\u00eas dias: nos dois primeiros dias 12 e 13 de maio, a partir das 14h, ser\u00e3o apresentados quatro blocos de filmes, intercalados por duas oficinas, e seguidos por debates com os jovens realizadores, professores do curso e o p\u00fablico em geral para a troca de impress\u00f5es e experi\u00eancias. Al\u00e9m disso, um filme do CIEP Cec\u00edlia Meirelles, realizado por alunos do curso t\u00e9cnico em Empreendedorismo sobre a pandemia, tamb\u00e9m comp\u00f5e a programa\u00e7\u00e3o.<\/p>\n\n\n\n<p>No \u00faltimo, 20 de maio, aproveitando as tem\u00e1ticas apresentadas nos filmes realizados pelos adolescentes, ser\u00e1 realizada a quarta edi\u00e7\u00e3o do F\u00f3rum de Cinema e Educa\u00e7\u00e3o, com a tem\u00e1tica \u201cProdu\u00e7\u00e3o juvenil em escolas, ongs e coletivos durante a pandemia\u201d, a partir das 15h. Para quem quiser participar ao vivo do F\u00f3rum, basta se inscrever pelo formul\u00e1rio: cutt.ly\/Rkgyrq2 (tamb\u00e9m dispon\u00edvel na bio do Instagram \u2013 @forum.cinema.educacao). Na v\u00e9spera do evento ser\u00e1 enviado um link para o Zoom. Vale lembrar que todas as sess\u00f5es da Mostra EMI ser\u00e3o transmitidas tamb\u00e9m pelo YouTube (EMI \u00c1udio e V\u00eddeo Petr\u00f3polis).<\/p>\n\n\n\n<p>De acordo com a professora Elaine Mayworm, coordenadora da Mostra, o evento reflete o que foi o ano letivo de 2020 para alunos e professores do curso.<\/p>\n\n\n\n<p>\u201cO distanciamento social e as medidas sanit\u00e1rias de seguran\u00e7a fizeram com que toda a produ\u00e7\u00e3o fosse feita das nossas casas, com os recursos de que cada um dos nossos jovens dispunha, especialmente o celular. Por isso, ao inv\u00e9s de produ\u00e7\u00f5es robustas, com equipes maiores, sets de filmagens e equipamento profissional como est\u00e1vamos acostumados, os filmes desta edi\u00e7\u00e3o em sua grande maioria s\u00e3o individuais, mais reflexivos e introspectivos. No entanto, isso n\u00e3o limitou a abrang\u00eancia dos g\u00eaneros cinematogr\u00e1ficos: de experimentais a documentais, passando por dramas, com\u00e9dias e at\u00e9 propostas influenciadas pelas m\u00eddias e redes sociais\u201d, detalhou.<\/p>\n\n\n\n<p>E ela continua: \u201cO grande destaque foi como cada menino e cada menina aplicou sua criatividade nas produ\u00e7\u00f5es, explorando as t\u00e9cnicas e os recursos apreendidos e desenvolvidos durante as aulas \u00e0 dist\u00e2ncia. Esse novo modo de ensino-aprendizagem, via telas, no qual fomos abruptamente mergulhados em 2020, com certeza nos fez aprender muito mais sobre tecnologias e o mundo digital e, de alguma maneira, isto tamb\u00e9m est\u00e1 refletido nos filmes deste ano\u201d.<\/p>\n\n\n\n<p>A Mostra \u00e9 realizada pelo Ensino M\u00e9dio Integrado \u00e0 Educa\u00e7\u00e3o Profissional em Produ\u00e7\u00e3o Audiovisual do Col\u00e9gio Estadual Dom Pedro II, que funciona desde 2008 em Petr\u00f3polis, atendendo a cerca de 150 alunos durante o ano letivo, em hor\u00e1rio integral. A proposta do curso \u00e9 unir as disciplinas do ensino m\u00e9dio regular \u00e0s disciplinas de forma\u00e7\u00e3o t\u00e9cnica, como Roteiro, Artes, Comunica\u00e7\u00e3o Cr\u00edtica, Oficina de Capta\u00e7\u00e3o de \u00c1udio e V\u00eddeo e Edi\u00e7\u00e3o.<\/p>\n\n\n\n<p>Os alunos formados ao final dos tr\u00eas anos recebem um diploma que os referencia para o mercado de trabalho como assistentes t\u00e9cnicos em apoio a fun\u00e7\u00f5es como editor, roteirista, produtor cultural, operador de equipamentos de \u00e1udio e v\u00eddeo e ilumina\u00e7\u00e3o cenogr\u00e1fica, por exemplo.<\/p>\n\n\n\n<p>Com toda a grade de mat\u00e9rias do ensino m\u00e9dio e carga hor\u00e1ria ampliada, os estudantes ainda se tornam mais aptos a concorrer a vagas em universidades em diversos cursos, n\u00e3o apenas aqueles da \u00e1rea de Comunica\u00e7\u00e3o e Humanidades, atrav\u00e9s do ENEM e outras formas de ingresso no n\u00edvel superior.<\/p>\n\n\n\n<p><\/p>\n\n\n\n<p><\/p>\n","protected":false},"excerpt":{"rendered":"<p>A edi\u00e7\u00e3o da Mostra EMI \u00c1udio e V\u00eddeo de 2020 poder\u00e1 ser revista neste m\u00eas<\/p>\n","protected":false},"author":2,"featured_media":14298,"comment_status":"open","ping_status":"open","sticky":false,"template":"","format":"standard","meta":{"footnotes":""},"categories":[12],"tags":[],"class_list":["post-14297","post","type-post","status-publish","format-standard","has-post-thumbnail","hentry","category-cidade"],"_links":{"self":[{"href":"https:\/\/tvc16.com\/portal\/wp-json\/wp\/v2\/posts\/14297","targetHints":{"allow":["GET"]}}],"collection":[{"href":"https:\/\/tvc16.com\/portal\/wp-json\/wp\/v2\/posts"}],"about":[{"href":"https:\/\/tvc16.com\/portal\/wp-json\/wp\/v2\/types\/post"}],"author":[{"embeddable":true,"href":"https:\/\/tvc16.com\/portal\/wp-json\/wp\/v2\/users\/2"}],"replies":[{"embeddable":true,"href":"https:\/\/tvc16.com\/portal\/wp-json\/wp\/v2\/comments?post=14297"}],"version-history":[{"count":1,"href":"https:\/\/tvc16.com\/portal\/wp-json\/wp\/v2\/posts\/14297\/revisions"}],"predecessor-version":[{"id":14299,"href":"https:\/\/tvc16.com\/portal\/wp-json\/wp\/v2\/posts\/14297\/revisions\/14299"}],"wp:featuredmedia":[{"embeddable":true,"href":"https:\/\/tvc16.com\/portal\/wp-json\/wp\/v2\/media\/14298"}],"wp:attachment":[{"href":"https:\/\/tvc16.com\/portal\/wp-json\/wp\/v2\/media?parent=14297"}],"wp:term":[{"taxonomy":"category","embeddable":true,"href":"https:\/\/tvc16.com\/portal\/wp-json\/wp\/v2\/categories?post=14297"},{"taxonomy":"post_tag","embeddable":true,"href":"https:\/\/tvc16.com\/portal\/wp-json\/wp\/v2\/tags?post=14297"}],"curies":[{"name":"wp","href":"https:\/\/api.w.org\/{rel}","templated":true}]}}