{"id":14310,"date":"2021-05-11T10:56:22","date_gmt":"2021-05-11T13:56:22","guid":{"rendered":"https:\/\/tvc16.com\/portal\/?p=14310"},"modified":"2021-05-11T10:56:24","modified_gmt":"2021-05-11T13:56:24","slug":"meta-em-sao-paulo-e-vacinar-78-milhoes-contra-gripe-na-segunda-etapa","status":"publish","type":"post","link":"https:\/\/tvc16.com\/portal\/2021\/05\/11\/meta-em-sao-paulo-e-vacinar-78-milhoes-contra-gripe-na-segunda-etapa\/","title":{"rendered":"Meta em S\u00e3o Paulo \u00e9 vacinar 7,8 milh\u00f5es contra gripe na segunda etapa"},"content":{"rendered":"\n<h3 class=\"wp-block-heading\">Tamb\u00e9m podem receber a vacina integrantes de grupos da 1\u00aa fase<\/h3>\n\n\n\n<h4 class=\"wp-block-heading\">Por Camila Bohem &#8211; Rep\u00f3rter da Ag\u00eancia Brasil &#8211; S\u00e3o Paulo<\/h4>\n\n\n\n<p>O estado de S\u00e3o Paulo come\u00e7a a vacinar contra a gripe (v\u00edrus Influenza), nesta&nbsp;ter\u00e7a-feira (11), os idosos &#8211; pessoas com 60 anos ou mais &#8211; e professores das redes p\u00fablica e privada. O&nbsp;novo&nbsp;p\u00fablico-alvo&nbsp;definido&nbsp;para a&nbsp;segunda&nbsp;etapa da campanha soma&nbsp;mais 7,8 milh\u00f5es de pessoas.<img decoding=\"async\" src=\"https:\/\/agenciabrasil.ebc.com.br\/ebc.png?id=1409261&amp;o=node\"><img decoding=\"async\" src=\"https:\/\/agenciabrasil.ebc.com.br\/ebc.gif?id=1409261&amp;o=node\"><\/p>\n\n\n\n<p>O governo ressaltou que tamb\u00e9m poder\u00e3o comparecer aos postos as pessoas que integram grupos da primeira etapa de vacina\u00e7\u00e3o, j\u00e1 que ainda n\u00e3o foi atingida a meta de 90% de imuniza\u00e7\u00e3o. A cobertura vacinal \u00e9 inferior a 30% em crian\u00e7as, gr\u00e1vidas, pu\u00e9rperas e trabalhadores de sa\u00fade.<\/p>\n\n\n\n<p>Mesmo com doses dispon\u00edveis desde o dia&nbsp;12 de abril, s\u00f3 foram imunizadas at\u00e9 o momento 978,4 mil crian\u00e7as (29,6% de cobertura vacinal), 114,7 mil gestantes (26,2%), 342,9 mil profissionais da sa\u00fade (22,1%) e 21,4 mil pu\u00e9rperas (29,9%). Tamb\u00e9m foram vacinados 3,7 mil ind\u00edgenas (63,7%).<\/p>\n\n\n\n<p>\u201cA gripe e a covid-19 s\u00e3o doen\u00e7as respirat\u00f3rias que circulam simultaneamente aqui no estado. Por isso, toda medida preventiva \u00e9 necess\u00e1ria para cuidar de si e do pr\u00f3ximo. A vacina \u00e9 totalmente segura e n\u00e3o causa gripe, pois \u00e9 composta apenas de fragmentos do v\u00edrus que garantem a devida prote\u00e7\u00e3o\u201d, disse a diretora de Imuniza\u00e7\u00e3o da Secretaria de Sa\u00fade, Nubia Ara\u00fajo.<\/p>\n\n\n\n<p>No ano passado, o estado de S\u00e3o Paulo registrou 809 casos de S\u00edndrome Respirat\u00f3ria Aguda Grave (SRAG), atribu\u00eddas ao v\u00edrus Influenza, e 119 mortes.<\/p>\n\n\n\n<p>Quem estiver tanto no grupo da campanha de gripe quanto no grupo da vacina\u00e7\u00e3o contra covid-19 deve respeitar um intervalo de 14 dias para receber doses destinadas \u00e0 preven\u00e7\u00e3o dessas doen\u00e7as.<\/p>\n\n\n\n<p>De acordo com o governo estadual, os profissionais est\u00e3o orientados a fazer triagem para&nbsp;identifica\u00e7\u00e3o de paciente com sintomas respirat\u00f3rios, como tosse, coriza e falta de ar. Aqueles que apresentarem apenas tosse ou coriza poder\u00e3o receber a vacina contra a gripe, com a orienta\u00e7\u00e3o de&nbsp;procurar um servi\u00e7o de sa\u00fade. Aqueles que tiverem febre ou mau estado geral, al\u00e9m da orienta\u00e7\u00e3o para procurar o servi\u00e7o de sa\u00fade&nbsp;ter\u00e3o de adiar a aplica\u00e7\u00e3o da vacina at\u00e9 a recupera\u00e7\u00e3o.<\/p>\n\n\n\n<h2 class=\"wp-block-heading\">Terceira etapa<\/h2>\n\n\n\n<p>Para reduzir aglomera\u00e7\u00f5es e refor\u00e7ar a preven\u00e7\u00e3o \u00e0 covid-19, o cronograma da campanha foi dividido em tr\u00eas etapas que se estender\u00e3o at\u00e9&nbsp;9 de julho.<\/p>\n\n\n\n<p>A \u00faltima etapa come\u00e7a em&nbsp;9 de junho, com a meta de alcan\u00e7ar 5,1 milh\u00f5es de pessoas com comorbidades e com defici\u00eancia (f\u00edsica, auditiva, visual, intelectual e mental ou m\u00faltipla); caminhoneiros, trabalhadores portu\u00e1rios e de transporte coletivo; profissionais das For\u00e7as Armadas, de seguran\u00e7a e salvamento e funcion\u00e1rios do sistema prisional; popula\u00e7\u00e3o privada de liberdade e jovens e adolescentes sob medidas socioeducativas.<\/p>\n\n\n\n<p>Seguindo a legisla\u00e7\u00e3o, dever\u00e3o ser priorizados nas salas de vacina\u00e7\u00e3o os idosos com mais de 80 anos e haver\u00e1 triagem diferenciada e orienta\u00e7\u00f5es para quem tiver sintomas respirat\u00f3rios. Al\u00e9m disso, a aplica\u00e7\u00e3o da vacina contra a gripe deve ocorrer em sala distinta da reservada \u00e0&nbsp;imuniza\u00e7\u00e3o contra covid-19.<\/p>\n\n\n\n<p>O Instituto Butantan disponibiliza ao pa\u00eds 80 milh\u00f5es de doses para a campanha nacional, com produ\u00e7\u00e3o integral do imunizante e sem necessidade de importa\u00e7\u00e3o de mat\u00e9ria-prima. O imunizante deste ano \u00e9 constitu\u00eddo por tr\u00eas cepas de Influenza: A\/Victoria\/2570\/2018 (H1N1)pdm09; A\/Hong Kong\/2671\/2019 (H3N2); e B\/Washington\/02\/2019 (linhagem B\/Victoria).<\/p>\n\n\n\n<p>Edi\u00e7\u00e3o: Gra\u00e7a Adjuto<\/p>\n","protected":false},"excerpt":{"rendered":"<p>Tamb\u00e9m podem receber a vacina integrantes de grupos da 1\u00aa fase Por Camila Bohem &#8211;<\/p>\n","protected":false},"author":2,"featured_media":14311,"comment_status":"open","ping_status":"open","sticky":false,"template":"","format":"standard","meta":{"footnotes":""},"categories":[17],"tags":[],"class_list":["post-14310","post","type-post","status-publish","format-standard","has-post-thumbnail","hentry","category-outras-noticias"],"_links":{"self":[{"href":"https:\/\/tvc16.com\/portal\/wp-json\/wp\/v2\/posts\/14310","targetHints":{"allow":["GET"]}}],"collection":[{"href":"https:\/\/tvc16.com\/portal\/wp-json\/wp\/v2\/posts"}],"about":[{"href":"https:\/\/tvc16.com\/portal\/wp-json\/wp\/v2\/types\/post"}],"author":[{"embeddable":true,"href":"https:\/\/tvc16.com\/portal\/wp-json\/wp\/v2\/users\/2"}],"replies":[{"embeddable":true,"href":"https:\/\/tvc16.com\/portal\/wp-json\/wp\/v2\/comments?post=14310"}],"version-history":[{"count":1,"href":"https:\/\/tvc16.com\/portal\/wp-json\/wp\/v2\/posts\/14310\/revisions"}],"predecessor-version":[{"id":14312,"href":"https:\/\/tvc16.com\/portal\/wp-json\/wp\/v2\/posts\/14310\/revisions\/14312"}],"wp:featuredmedia":[{"embeddable":true,"href":"https:\/\/tvc16.com\/portal\/wp-json\/wp\/v2\/media\/14311"}],"wp:attachment":[{"href":"https:\/\/tvc16.com\/portal\/wp-json\/wp\/v2\/media?parent=14310"}],"wp:term":[{"taxonomy":"category","embeddable":true,"href":"https:\/\/tvc16.com\/portal\/wp-json\/wp\/v2\/categories?post=14310"},{"taxonomy":"post_tag","embeddable":true,"href":"https:\/\/tvc16.com\/portal\/wp-json\/wp\/v2\/tags?post=14310"}],"curies":[{"name":"wp","href":"https:\/\/api.w.org\/{rel}","templated":true}]}}