{"id":14316,"date":"2021-05-11T10:58:39","date_gmt":"2021-05-11T13:58:39","guid":{"rendered":"https:\/\/tvc16.com\/portal\/?p=14316"},"modified":"2021-05-11T10:58:41","modified_gmt":"2021-05-11T13:58:41","slug":"ataques-aereos-na-faixa-de-gaza-deixam-mais-de-20-mortos","status":"publish","type":"post","link":"https:\/\/tvc16.com\/portal\/2021\/05\/11\/ataques-aereos-na-faixa-de-gaza-deixam-mais-de-20-mortos\/","title":{"rendered":"Ataques a\u00e9reos na Faixa de Gaza deixam mais de 20 mortos"},"content":{"rendered":"\n<h3 class=\"wp-block-heading\">Segundo as autoridades judaicas, os alvos eram n\u00facleos do Hamas<\/h3>\n\n\n\n<h4 class=\"wp-block-heading\">Por RTP &#8211; JERUSAL\u00c9M<\/h4>\n\n\n\n<p>Durante a madrugada, 130 ataques a\u00e9reos israelenses&nbsp;atingiram o norte da Faixa de Gaza. Segundo as autoridades judaicas, os alvos eram n\u00facleos do Hamas.<img decoding=\"async\" src=\"https:\/\/agenciabrasil.ebc.com.br\/ebc.png?id=1409264&amp;o=node\"><img decoding=\"async\" src=\"https:\/\/agenciabrasil.ebc.com.br\/ebc.gif?id=1409264&amp;o=node\"><\/p>\n\n\n\n<p>Pelo menos 15 integrantes do grupo armado morreram. Os palestinos dispararam cerca de 200 foguetes. Os ataques deixaram&nbsp;mais de 20 mortos.<\/p>\n\n\n\n<h2 class=\"wp-block-heading\">ONU<\/h2>\n\n\n\n<p>A Organiza\u00e7\u00e3o das Na\u00e7\u00f5es Unidas&nbsp;est\u00e1 &#8220;profundamente preocupada&#8221; com o aumento da viol\u00eancia em Israel e nos territ\u00f3rios palestinos ocupados, declarou hoje (11) um porta-voz do Alto Comissariado da ONU&nbsp;para os Direitos Humanos.<\/p>\n\n\n\n<p>&#8220;Condenamos toda a viol\u00eancia e toda a incita\u00e7\u00e3o \u00e0 viol\u00eancia, assim como as divis\u00f5es \u00e9tnicas e as provoca\u00e7\u00f5es&#8221;, declarou Rupert Colville durante entrevista coletiva&nbsp;em Genebra (Su\u00ed\u00e7a), no momento em que a regi\u00e3o registra a pior escalada em anos, desencadeada pela&nbsp;viol\u00eancia em Jerusal\u00e9m Oriental, ocupada e anexada.<\/p>\n\n\n\n<p>Sobre os confrontos na Esplanada das Mesquitas, o porta-voz considerou que as for\u00e7as de seguran\u00e7a israelenses&nbsp;&#8220;claramente n\u00e3o respeitaram nos \u00faltimos dias&#8221; a sua obriga\u00e7\u00e3o de responder de forma proporcionada e de garantir o direito de reuni\u00e3o pac\u00edfica.<\/p>\n\n\n\n<p>Acrescentou que&nbsp;os disparos de foguetes&nbsp;a partir da Faixa de Gaza contra Israel &#8220;est\u00e3o estritamente proibidos pelas leis humanit\u00e1rias internacionais e devem parar imediatamente&#8221;.<\/p>\n\n\n\n<p>As autoridades do Hamas, movimento islamita no poder em Gaza, informaram que&nbsp;22 pessoas morreram, incluindo nove crian\u00e7as, durante os ataques israelenses&nbsp;em repres\u00e1lia \u00e0s salvas de foguetes&nbsp;disparados a partir do enclave palestino, e 106 ficaram feridas.<\/p>\n\n\n\n<p>O Ex\u00e9rcito israelense&nbsp;disse&nbsp;ter matado 15 membros do Hamas e da Jihad Isl\u00e2mica, outro grupo armado palestiniano, tendo atingido 130 alvos militares, na maioria do movimento que controla Gaza.<\/p>\n\n\n\n<p>Os militantes em Gaza dispararam mais de 200 foguetes&nbsp;contra Israel, ferindo seis civis em um ataque direto a um pr\u00e9dio de apartamentos.<\/p>\n\n\n\n<p>Os confrontos di\u00e1rios na Esplanada das Mesquitas, que os judeus chamam Monte do Templo, na Cidade Velha, em Jerusal\u00e9m Oriental, entre&nbsp;palestinos e a&nbsp;pol\u00edcia israelense&nbsp;deixaram&nbsp;centenas de feridos desde sexta-feira (7).<\/p>\n\n\n\n<p>Em um sinal da crescente agita\u00e7\u00e3o, comunidades \u00e1rabes em Israel realizaram manifesta\u00e7\u00f5es noturnas contra a situa\u00e7\u00e3o em Jerusal\u00e9m, um dos maiores protestos de cidad\u00e3os palestinos nos \u00faltimos anos, segundo a ag\u00eancia de not\u00edcias norte-americana Associated Press.<\/p>\n","protected":false},"excerpt":{"rendered":"<p>Segundo as autoridades judaicas, os alvos eram n\u00facleos do Hamas Por RTP &#8211; JERUSAL\u00c9M Durante<\/p>\n","protected":false},"author":2,"featured_media":14317,"comment_status":"open","ping_status":"open","sticky":false,"template":"","format":"standard","meta":{"footnotes":""},"categories":[17],"tags":[],"class_list":["post-14316","post","type-post","status-publish","format-standard","has-post-thumbnail","hentry","category-outras-noticias"],"_links":{"self":[{"href":"https:\/\/tvc16.com\/portal\/wp-json\/wp\/v2\/posts\/14316","targetHints":{"allow":["GET"]}}],"collection":[{"href":"https:\/\/tvc16.com\/portal\/wp-json\/wp\/v2\/posts"}],"about":[{"href":"https:\/\/tvc16.com\/portal\/wp-json\/wp\/v2\/types\/post"}],"author":[{"embeddable":true,"href":"https:\/\/tvc16.com\/portal\/wp-json\/wp\/v2\/users\/2"}],"replies":[{"embeddable":true,"href":"https:\/\/tvc16.com\/portal\/wp-json\/wp\/v2\/comments?post=14316"}],"version-history":[{"count":1,"href":"https:\/\/tvc16.com\/portal\/wp-json\/wp\/v2\/posts\/14316\/revisions"}],"predecessor-version":[{"id":14318,"href":"https:\/\/tvc16.com\/portal\/wp-json\/wp\/v2\/posts\/14316\/revisions\/14318"}],"wp:featuredmedia":[{"embeddable":true,"href":"https:\/\/tvc16.com\/portal\/wp-json\/wp\/v2\/media\/14317"}],"wp:attachment":[{"href":"https:\/\/tvc16.com\/portal\/wp-json\/wp\/v2\/media?parent=14316"}],"wp:term":[{"taxonomy":"category","embeddable":true,"href":"https:\/\/tvc16.com\/portal\/wp-json\/wp\/v2\/categories?post=14316"},{"taxonomy":"post_tag","embeddable":true,"href":"https:\/\/tvc16.com\/portal\/wp-json\/wp\/v2\/tags?post=14316"}],"curies":[{"name":"wp","href":"https:\/\/api.w.org\/{rel}","templated":true}]}}