{"id":14319,"date":"2021-05-11T11:00:58","date_gmt":"2021-05-11T14:00:58","guid":{"rendered":"https:\/\/tvc16.com\/portal\/?p=14319"},"modified":"2021-05-11T11:01:01","modified_gmt":"2021-05-11T14:01:01","slug":"inflacao-oficial-fica-em-031-em-abril-diz-ibge","status":"publish","type":"post","link":"https:\/\/tvc16.com\/portal\/2021\/05\/11\/inflacao-oficial-fica-em-031-em-abril-diz-ibge\/","title":{"rendered":"Infla\u00e7\u00e3o oficial fica em 0,31% em abril, diz IBGE"},"content":{"rendered":"\n<h3 class=\"wp-block-heading\">O taxa \u00e9 inferior \u00e0 observada em mar\u00e7o deste ano (0,93%)<\/h3>\n\n\n\n<h4 class=\"wp-block-heading\">Por Vitor Abdala &#8211; Rep\u00f3rter da Ag\u00eancia Brasil &#8211; Rio de Janeiro<\/h4>\n\n\n\n<p>O \u00cdndice Nacional de Pre\u00e7os ao Consumidor Amplo (IPCA), que mede a infla\u00e7\u00e3o oficial do pa\u00eds, ficou em 0,31% em abril deste ano. A taxa \u00e9 inferior \u00e0 observada em mar\u00e7o deste ano (0,93%), mas superior \u00e0 registrada em abril do ano passado (-0,31%).<img decoding=\"async\" src=\"https:\/\/agenciabrasil.ebc.com.br\/ebc.png?id=1409270&amp;o=node\"><img decoding=\"async\" src=\"https:\/\/agenciabrasil.ebc.com.br\/ebc.gif?id=1409270&amp;o=node\"><\/p>\n\n\n\n<p>Segundo os dados divulgados hoje (11) pelo Instituto Brasileiro de Geografia e Estat\u00edstica (IBGE), a infla\u00e7\u00e3o acumula taxas de 2,37% no ano e de 6,76% em 12 meses.<\/p>\n\n\n\n<p>A taxa de 12 meses ficou acima da acumulada at\u00e9 mar\u00e7o (6,10%) e do teto da meta de infla\u00e7\u00e3o estabelecida pelo Banco Central para 2021: 5,25%.<\/p>\n\n\n\n<p>Oito dos nove grupos de despesa pesquisados pelo IBGE tiveram alta de pre\u00e7os em abril, com destaque para sa\u00fade e cuidados pessoais, que registrou infla\u00e7\u00e3o de 1,19%. Entre os respons\u00e1veis por esse resultado est\u00e3o itens como produtos farmac\u00eauticos (2,69%) e de higiene pessoal (0,99%).<\/p>\n\n\n\n<p>Outro grupo com alta relevante no m\u00eas foi alimenta\u00e7\u00e3o e bebidas (0,40%), devido ao comportamento de pre\u00e7os de itens como carnes (1,01%), leite longa vida (2,40%), frango em peda\u00e7os (1,95%) e tomate (5,46%).<\/p>\n\n\n\n<p>O \u00fanico grupo de despesas com defla\u00e7\u00e3o (queda de pre\u00e7os) foi transportes (-0,08%). Os combust\u00edveis tiveram queda de pre\u00e7os de 0,94%, com 0,44% na gasolina e 4,93% no etanol.<\/p>\n\n\n\n<p>Outros grupos de despesa com infla\u00e7\u00e3o foram habita\u00e7\u00e3o (0,22%), artigos de resid\u00eancia (0,57%), vestu\u00e1rio (0,47%), comunica\u00e7\u00e3o (0,08%), educa\u00e7\u00e3o (0,04%) e despesas pessoais (0,01%).<\/p>\n\n\n\n<p>Edi\u00e7\u00e3o: Val\u00e9ria Aguiar<\/p>\n","protected":false},"excerpt":{"rendered":"<p>O taxa \u00e9 inferior \u00e0 observada em mar\u00e7o deste ano (0,93%) Por Vitor Abdala &#8211;<\/p>\n","protected":false},"author":2,"featured_media":14320,"comment_status":"open","ping_status":"open","sticky":false,"template":"","format":"standard","meta":{"footnotes":""},"categories":[17],"tags":[],"class_list":["post-14319","post","type-post","status-publish","format-standard","has-post-thumbnail","hentry","category-outras-noticias"],"_links":{"self":[{"href":"https:\/\/tvc16.com\/portal\/wp-json\/wp\/v2\/posts\/14319","targetHints":{"allow":["GET"]}}],"collection":[{"href":"https:\/\/tvc16.com\/portal\/wp-json\/wp\/v2\/posts"}],"about":[{"href":"https:\/\/tvc16.com\/portal\/wp-json\/wp\/v2\/types\/post"}],"author":[{"embeddable":true,"href":"https:\/\/tvc16.com\/portal\/wp-json\/wp\/v2\/users\/2"}],"replies":[{"embeddable":true,"href":"https:\/\/tvc16.com\/portal\/wp-json\/wp\/v2\/comments?post=14319"}],"version-history":[{"count":1,"href":"https:\/\/tvc16.com\/portal\/wp-json\/wp\/v2\/posts\/14319\/revisions"}],"predecessor-version":[{"id":14321,"href":"https:\/\/tvc16.com\/portal\/wp-json\/wp\/v2\/posts\/14319\/revisions\/14321"}],"wp:featuredmedia":[{"embeddable":true,"href":"https:\/\/tvc16.com\/portal\/wp-json\/wp\/v2\/media\/14320"}],"wp:attachment":[{"href":"https:\/\/tvc16.com\/portal\/wp-json\/wp\/v2\/media?parent=14319"}],"wp:term":[{"taxonomy":"category","embeddable":true,"href":"https:\/\/tvc16.com\/portal\/wp-json\/wp\/v2\/categories?post=14319"},{"taxonomy":"post_tag","embeddable":true,"href":"https:\/\/tvc16.com\/portal\/wp-json\/wp\/v2\/tags?post=14319"}],"curies":[{"name":"wp","href":"https:\/\/api.w.org\/{rel}","templated":true}]}}