{"id":14322,"date":"2021-05-11T11:02:07","date_gmt":"2021-05-11T14:02:07","guid":{"rendered":"https:\/\/tvc16.com\/portal\/?p=14322"},"modified":"2021-05-11T11:02:09","modified_gmt":"2021-05-11T14:02:09","slug":"governo-cria-secretaria-extraordinaria-de-enfrentamento-a-covid-19","status":"publish","type":"post","link":"https:\/\/tvc16.com\/portal\/2021\/05\/11\/governo-cria-secretaria-extraordinaria-de-enfrentamento-a-covid-19\/","title":{"rendered":"Governo cria Secretaria Extraordin\u00e1ria de Enfrentamento \u00e0 Covid-19"},"content":{"rendered":"\n<h3 class=\"wp-block-heading\">Nova secretaria fica vinculada ao Minist\u00e9rio da Sa\u00fade<\/h3>\n\n\n\n<h4 class=\"wp-block-heading\">Por Luciano Nascimento \u2013 Rep\u00f3rter da Ag\u00eancia Brasil &#8211; Bras\u00edlia<\/h4>\n\n\n\n<p>O presidente da Rep\u00fablica, Jair Bolsonaro, criou uma Secretaria Extraordin\u00e1ria de Enfrentamento \u00e0 Covid-19. O decreto com a cria\u00e7\u00e3o do \u00f3rg\u00e3o foi publicado em&nbsp;<a href=\"https:\/\/www.in.gov.br\/web\/dou\/-\/decreto-n-10.697-de-10-de-maio-de-2021-319003255\" target=\"_blank\" rel=\"noreferrer noopener\">edi\u00e7\u00e3o extra do Di\u00e1rio Oficial da Uni\u00e3o<\/a>&nbsp;(DOU) na noite desta segunda-feira (10).<img decoding=\"async\" src=\"https:\/\/agenciabrasil.ebc.com.br\/ebc.png?id=1409271&amp;o=node\"><img decoding=\"async\" src=\"https:\/\/agenciabrasil.ebc.com.br\/ebc.gif?id=1409271&amp;o=node\"><\/p>\n\n\n\n<p>A nova secretaria ficar\u00e1 vinculada ao Minist\u00e9rio da Sa\u00fade e vai exercer a fun\u00e7\u00e3o de representante da pasta na coordena\u00e7\u00e3o das medidas a serem executadas durante a Emerg\u00eancia em Sa\u00fade P\u00fablica de Import\u00e2ncia Nacional em decorr\u00eancia da pandemia do novo coronav\u00edrus.<\/p>\n\n\n\n<p>De acordo com nota encaminhada pela Secretaria-Geral da Presid\u00eancia da Rep\u00fablica, caber\u00e1 ao \u00f3rg\u00e3o \u201cpropor diretrizes nacionais e a\u00e7\u00f5es de implementa\u00e7\u00e3o das pol\u00edticas de sa\u00fade para o enfrentamento \u00e0 covid-19, em articula\u00e7\u00e3o com os gestores estaduais, municipais e o Distrito Federal, bem como de definir e coordenar as a\u00e7\u00f5es do Plano Nacional da Vacina\u00e7\u00e3o contra a Covid-19.<\/p>\n\n\n\n<p>Para tanto, segundo a Secretaria-Geral, o decreto que criou a secretaria promove remanejamentos e transforma\u00e7\u00f5es de cargos e fun\u00e7\u00f5es internas do minist\u00e9rio.<\/p>\n\n\n\n<p>Edi\u00e7\u00e3o: Denise Griesinger<\/p>\n","protected":false},"excerpt":{"rendered":"<p>Nova secretaria fica vinculada ao Minist\u00e9rio da Sa\u00fade Por Luciano Nascimento \u2013 Rep\u00f3rter da Ag\u00eancia<\/p>\n","protected":false},"author":2,"featured_media":14323,"comment_status":"open","ping_status":"open","sticky":false,"template":"","format":"standard","meta":{"footnotes":""},"categories":[17],"tags":[],"class_list":["post-14322","post","type-post","status-publish","format-standard","has-post-thumbnail","hentry","category-outras-noticias"],"_links":{"self":[{"href":"https:\/\/tvc16.com\/portal\/wp-json\/wp\/v2\/posts\/14322","targetHints":{"allow":["GET"]}}],"collection":[{"href":"https:\/\/tvc16.com\/portal\/wp-json\/wp\/v2\/posts"}],"about":[{"href":"https:\/\/tvc16.com\/portal\/wp-json\/wp\/v2\/types\/post"}],"author":[{"embeddable":true,"href":"https:\/\/tvc16.com\/portal\/wp-json\/wp\/v2\/users\/2"}],"replies":[{"embeddable":true,"href":"https:\/\/tvc16.com\/portal\/wp-json\/wp\/v2\/comments?post=14322"}],"version-history":[{"count":1,"href":"https:\/\/tvc16.com\/portal\/wp-json\/wp\/v2\/posts\/14322\/revisions"}],"predecessor-version":[{"id":14324,"href":"https:\/\/tvc16.com\/portal\/wp-json\/wp\/v2\/posts\/14322\/revisions\/14324"}],"wp:featuredmedia":[{"embeddable":true,"href":"https:\/\/tvc16.com\/portal\/wp-json\/wp\/v2\/media\/14323"}],"wp:attachment":[{"href":"https:\/\/tvc16.com\/portal\/wp-json\/wp\/v2\/media?parent=14322"}],"wp:term":[{"taxonomy":"category","embeddable":true,"href":"https:\/\/tvc16.com\/portal\/wp-json\/wp\/v2\/categories?post=14322"},{"taxonomy":"post_tag","embeddable":true,"href":"https:\/\/tvc16.com\/portal\/wp-json\/wp\/v2\/tags?post=14322"}],"curies":[{"name":"wp","href":"https:\/\/api.w.org\/{rel}","templated":true}]}}