{"id":14325,"date":"2021-05-11T11:03:25","date_gmt":"2021-05-11T14:03:25","guid":{"rendered":"https:\/\/tvc16.com\/portal\/?p=14325"},"modified":"2021-05-11T11:03:27","modified_gmt":"2021-05-11T14:03:27","slug":"produtividade-na-industria-cai-25-no-primeiro-trimestre-diz-cni","status":"publish","type":"post","link":"https:\/\/tvc16.com\/portal\/2021\/05\/11\/produtividade-na-industria-cai-25-no-primeiro-trimestre-diz-cni\/","title":{"rendered":"Produtividade na ind\u00fastria cai 2,5% no primeiro trimestre, diz CNI"},"content":{"rendered":"\n<h3 class=\"wp-block-heading\">N\u00famero de horas trabalhadas aumentou em 1,9%<\/h3>\n\n\n\n<h4 class=\"wp-block-heading\">Por Pedro Peduzzi \u2013 Rep\u00f3rter da Ag\u00eancia Brasil &#8211; Bras\u00edlia<\/h4>\n\n\n\n<p>A produtividade do trabalho na ind\u00fastria brasileira caiu 2,5% no primeiro trimestre de 2021, na compara\u00e7\u00e3o com o \u00faltimo trimestre de 2020, segundo levantamento divulgado hoje (11) pela Confedera\u00e7\u00e3o Nacional da Ind\u00fastria (CNI). De acordo com a entidade, o n\u00famero de horas trabalhadas aumentou em 1,9%. Apesar deste aumento, foi registrada uma queda de 0,5% em termos de produ\u00e7\u00e3o.<img decoding=\"async\" src=\"https:\/\/agenciabrasil.ebc.com.br\/ebc.png?id=1409268&amp;o=node\"><img decoding=\"async\" src=\"https:\/\/agenciabrasil.ebc.com.br\/ebc.gif?id=1409268&amp;o=node\"><\/p>\n\n\n\n<p>O \u00edndice de produtividade representa o volume produzido pela ind\u00fastria da transforma\u00e7\u00e3o dividido pela quantidade de horas trabalhadas. Segundo a CNI, a incerteza trazida pela pandemia est\u00e1 afetando a produtividade das empresas.<\/p>\n\n\n\n<p>\u201cSoma-se \u00e0 elevada incerteza, o desarranjo das cadeias produtivas, associado a: estoques ainda baixos, alta dos custos e aumento da escassez de insumos e mat\u00e9rias-primas\u201d, detalha a CNI ao informar que, desde o in\u00edcio da pandemia, os movimentos da produtividade do trabalho v\u00eam sendo influenciados \u201cprincipalmente pela conjuntura e n\u00e3o por mudan\u00e7as duradouras, como maior qualifica\u00e7\u00e3o do trabalho ou inova\u00e7\u00f5es tecnol\u00f3gicas\u201d.<\/p>\n\n\n\n<p>Ainda de acordo com a entidade, essas dificuldades afetam a capacidade de planejamento das empresas para estabelecer o ritmo de produ\u00e7\u00e3o. Al\u00e9m disso, o descompasso no primeiro trimestre, entre as horas trabalhadas e a produ\u00e7\u00e3o, foi influenciado pelo esgotamento dos prazos dos acordos celebrados em 2020, que permitiram adiantamento de f\u00e9rias, redu\u00e7\u00e3o de sal\u00e1rio e jornada e suspens\u00e3o do contrato de trabalho.<\/p>\n\n\n\n<p>Edi\u00e7\u00e3o: Denise Griesinger<\/p>\n","protected":false},"excerpt":{"rendered":"<p>N\u00famero de horas trabalhadas aumentou em 1,9% Por Pedro Peduzzi \u2013 Rep\u00f3rter da Ag\u00eancia Brasil<\/p>\n","protected":false},"author":2,"featured_media":14326,"comment_status":"open","ping_status":"open","sticky":false,"template":"","format":"standard","meta":{"footnotes":""},"categories":[17],"tags":[],"class_list":["post-14325","post","type-post","status-publish","format-standard","has-post-thumbnail","hentry","category-outras-noticias"],"_links":{"self":[{"href":"https:\/\/tvc16.com\/portal\/wp-json\/wp\/v2\/posts\/14325","targetHints":{"allow":["GET"]}}],"collection":[{"href":"https:\/\/tvc16.com\/portal\/wp-json\/wp\/v2\/posts"}],"about":[{"href":"https:\/\/tvc16.com\/portal\/wp-json\/wp\/v2\/types\/post"}],"author":[{"embeddable":true,"href":"https:\/\/tvc16.com\/portal\/wp-json\/wp\/v2\/users\/2"}],"replies":[{"embeddable":true,"href":"https:\/\/tvc16.com\/portal\/wp-json\/wp\/v2\/comments?post=14325"}],"version-history":[{"count":1,"href":"https:\/\/tvc16.com\/portal\/wp-json\/wp\/v2\/posts\/14325\/revisions"}],"predecessor-version":[{"id":14327,"href":"https:\/\/tvc16.com\/portal\/wp-json\/wp\/v2\/posts\/14325\/revisions\/14327"}],"wp:featuredmedia":[{"embeddable":true,"href":"https:\/\/tvc16.com\/portal\/wp-json\/wp\/v2\/media\/14326"}],"wp:attachment":[{"href":"https:\/\/tvc16.com\/portal\/wp-json\/wp\/v2\/media?parent=14325"}],"wp:term":[{"taxonomy":"category","embeddable":true,"href":"https:\/\/tvc16.com\/portal\/wp-json\/wp\/v2\/categories?post=14325"},{"taxonomy":"post_tag","embeddable":true,"href":"https:\/\/tvc16.com\/portal\/wp-json\/wp\/v2\/tags?post=14325"}],"curies":[{"name":"wp","href":"https:\/\/api.w.org\/{rel}","templated":true}]}}