{"id":14334,"date":"2021-05-11T16:07:29","date_gmt":"2021-05-11T19:07:29","guid":{"rendered":"https:\/\/tvc16.com\/portal\/?p=14334"},"modified":"2021-05-11T16:07:32","modified_gmt":"2021-05-11T19:07:32","slug":"apos-recomendacao-da-anvisa-secretaria-de-saude-de-petropolis-suspende-temporariamente-a-vacinacao-de-gestantes","status":"publish","type":"post","link":"https:\/\/tvc16.com\/portal\/2021\/05\/11\/apos-recomendacao-da-anvisa-secretaria-de-saude-de-petropolis-suspende-temporariamente-a-vacinacao-de-gestantes\/","title":{"rendered":"Ap\u00f3s recomenda\u00e7\u00e3o da Anvisa, Secretaria de Sa\u00fade de Petr\u00f3polis suspende temporariamente a vacina\u00e7\u00e3o de gestantes"},"content":{"rendered":"\n<p>A vacina\u00e7\u00e3o em pu\u00e9rperas (m\u00e3es que tiveram beb\u00eas h\u00e1 at\u00e9 60 dias) est\u00e1 mantida, sem necessidade de agendamento<\/p>\n\n\n\n<p>A Secretaria Municipal de Sa\u00fade de Petr\u00f3polis informa que est\u00e1 suspendendo temporariamente a vacina\u00e7\u00e3o contra a covid-19 em gestantes. A medida atende recomenda\u00e7\u00e3o da Anvisa, que desaconselhou, de forma preventiva, a aplica\u00e7\u00e3o da vacina AstraZeneca em gestantes quando n\u00e3o houver recomenda\u00e7\u00e3o m\u00e9dica.<\/p>\n\n\n\n<p>O secret\u00e1rio municipal de Sa\u00fade. Aloisio Barbosa, frisou a import\u00e2ncia de todos os demais p\u00fablicos j\u00e1 chamados para a vacina\u00e7\u00e3o contra a Covid-19 tomarem a vacina. \u201cEstas rea\u00e7\u00f5es em gestantes est\u00e3o em investiga\u00e7\u00e3o. Embora n\u00e3o seja poss\u00edvel afirmar que t\u00eam rela\u00e7\u00e3o com a vacina AstraZeneca, por precau\u00e7\u00e3o a Anvisa desaconselhou o uso neste momento para este p\u00fablico. Vamos seguir com o trabalho de imuniza\u00e7\u00e3o dos demais p\u00fablicos e, t\u00e3o logo o munic\u00edpio receba remessas de outras vacinas para primeira dose, vamos retomar tamb\u00e9m a aplica\u00e7\u00e3o em gestantes\u201d, detalhou.<\/p>\n\n\n\n<p>Em Petr\u00f3polis, a vacina\u00e7\u00e3o de gestantes \u2013 iniciada por aquelas que t\u00eam comorbidades \u2013 come\u00e7ou na semana passada, no dia 6. Na cidade n\u00e3o houve notifica\u00e7\u00f5es de gestante com rea\u00e7\u00e3o adversa \u00e0 vacina. Segundo a Secretaria de Sa\u00fade, a vacina\u00e7\u00e3o em pu\u00e9rperas (m\u00e3es que tiveram beb\u00eas h\u00e1 at\u00e9 60 dias) est\u00e1 mantida, sem necessidade de agendamento.<\/p>\n\n\n\n<p>A vacina\u00e7\u00e3o de gestantes contra a covid-19 ser\u00e1 retomada t\u00e3o logo o munic\u00edpio receba mais doses de Coronavac ou outra vacina indicada para este grupo (para aplica\u00e7\u00e3o de primeira dose), ou o Minist\u00e9rio da Sa\u00fade conclua a investiga\u00e7\u00e3o sobre o uso da AstraZeneca neste p\u00fablico.<\/p>\n","protected":false},"excerpt":{"rendered":"<p>A vacina\u00e7\u00e3o em pu\u00e9rperas (m\u00e3es que tiveram beb\u00eas h\u00e1 at\u00e9 60 dias) est\u00e1 mantida, sem<\/p>\n","protected":false},"author":2,"featured_media":14130,"comment_status":"open","ping_status":"open","sticky":false,"template":"","format":"standard","meta":{"footnotes":""},"categories":[12],"tags":[],"class_list":["post-14334","post","type-post","status-publish","format-standard","has-post-thumbnail","hentry","category-cidade"],"_links":{"self":[{"href":"https:\/\/tvc16.com\/portal\/wp-json\/wp\/v2\/posts\/14334","targetHints":{"allow":["GET"]}}],"collection":[{"href":"https:\/\/tvc16.com\/portal\/wp-json\/wp\/v2\/posts"}],"about":[{"href":"https:\/\/tvc16.com\/portal\/wp-json\/wp\/v2\/types\/post"}],"author":[{"embeddable":true,"href":"https:\/\/tvc16.com\/portal\/wp-json\/wp\/v2\/users\/2"}],"replies":[{"embeddable":true,"href":"https:\/\/tvc16.com\/portal\/wp-json\/wp\/v2\/comments?post=14334"}],"version-history":[{"count":1,"href":"https:\/\/tvc16.com\/portal\/wp-json\/wp\/v2\/posts\/14334\/revisions"}],"predecessor-version":[{"id":14335,"href":"https:\/\/tvc16.com\/portal\/wp-json\/wp\/v2\/posts\/14334\/revisions\/14335"}],"wp:featuredmedia":[{"embeddable":true,"href":"https:\/\/tvc16.com\/portal\/wp-json\/wp\/v2\/media\/14130"}],"wp:attachment":[{"href":"https:\/\/tvc16.com\/portal\/wp-json\/wp\/v2\/media?parent=14334"}],"wp:term":[{"taxonomy":"category","embeddable":true,"href":"https:\/\/tvc16.com\/portal\/wp-json\/wp\/v2\/categories?post=14334"},{"taxonomy":"post_tag","embeddable":true,"href":"https:\/\/tvc16.com\/portal\/wp-json\/wp\/v2\/tags?post=14334"}],"curies":[{"name":"wp","href":"https:\/\/api.w.org\/{rel}","templated":true}]}}