{"id":14336,"date":"2021-05-11T16:42:30","date_gmt":"2021-05-11T19:42:30","guid":{"rendered":"https:\/\/tvc16.com\/portal\/?p=14336"},"modified":"2021-05-11T16:42:33","modified_gmt":"2021-05-11T19:42:33","slug":"petropolis77-dos-assistidos-da-dprj-relatam-problemas-psicologicos","status":"publish","type":"post","link":"https:\/\/tvc16.com\/portal\/2021\/05\/11\/petropolis77-dos-assistidos-da-dprj-relatam-problemas-psicologicos\/","title":{"rendered":"Petr\u00f3polis:77% dos assistidos da DPRJ relatam problemas psicol\u00f3gicos"},"content":{"rendered":"\n<p>Busca ativa revela que a pandemia tem sido fator crucial para aumento de sintomas de altera\u00e7\u00e3o em sa\u00fade mental. Em contrapartida, atendimento e medicamentos est\u00e3o mais escassos no SUS<br>\u00a0<\/p>\n\n\n\n<p>Busca ativa realizada pelo 8\u00ba N\u00facleo Regional de Tutela Coletiva da Defensoria P\u00fablica do Rio de Janeiro (DPRJ), na comarca de Petr\u00f3polis, aponta que 77% dos assistidos pela institui\u00e7\u00e3o no munic\u00edpio relatam sofrer com algum tipo de problema psicol\u00f3gico. Em contrapartida, os dados, que ser\u00e3o base para constru\u00e7\u00e3o de um panorama que possibilite a elabora\u00e7\u00e3o de estrat\u00e9gias eficientes de cuidado com a sa\u00fade mental, apontam que, mesmo que quase todos considerem a pandemia como fator amplificador dos sintomas, menos da metade das pessoas que procuraram o Sistema \u00danico de Sa\u00fade (SUS) conseguem atendimento.\u00a0<br>\u00a0<br>Seja em n\u00edvel extremo, com ansiedade e depress\u00e3o, ou em formas relativamente mais brandas como ins\u00f4nia ou excesso de preocupa\u00e7\u00e3o, os dados revelam um n\u00famero alarmante de pessoas afetadas psicologicamente pela pandemia. Na pesquisa, que contabilizou 142 respostas, 77,3% das pessoas relataram sofrer com dificuldades psicol\u00f3gicas. Outros 20,6% conhecem algu\u00e9m que sofre, totalizando 97,9%. Ao mesmo tempo, 95,7% dos assistidos que t\u00eam sintomas afirmam que eles pioraram ap\u00f3s o in\u00edcio da pandemia.<br>\u00a0<br>Mais da metade dos assistidos (cerca de 51,4%) sinalizaram n\u00e3o estar recebendo nenhum tipo de tratamento. Entre as reclama\u00e7\u00f5es, destacam-se os relatos de falta de m\u00e9dicos e medicamentos. Apenas 4,1% dos participantes da busca ativa afirmam receber os medicamentos por meio do SUS, enquanto outros 84,6% n\u00e3o conseguem ter acesso aos itens farmac\u00eauticos de forma gratuita.<br>\u00a0<br>O 8\u00ba N\u00facleo Regional de Tutela Coletiva da Defensoria P\u00fablica \u2013 assim como os demais existentes no Estado e que atendem todas as cidades fluminenses \u2013 atua diretamente na fiscaliza\u00e7\u00e3o da atua\u00e7\u00e3o do gestor p\u00fablico no enfrentamento da pandemia, cobrando o fornecimento de insumos hospitalares, a regula\u00e7\u00e3o dos leitos, cumprimento do Programa Nacional de Imuniza\u00e7\u00f5es (PNI), e diversos outros pontos. Contudo, segundo a defensora Renata Duarte, respons\u00e1vel pela pesquisa ao lado da Defensora Andr\u00e9ia Vidal, h\u00e1 um efeito reflexo imediato que tamb\u00e9m merece aten\u00e7\u00e3o: o cuidado com o bem-estar emocional da popula\u00e7\u00e3o diante de tantas ang\u00fastias, incertezas, medos, inseguran\u00e7as, perdas e aus\u00eancia de perspectivas concretas para o fim da pandemia.<br>\u00a0<\/p>\n\n\n\n<ul class=\"wp-block-list\"><li>\u00c9 dever do Estado fornecer todos os recursos m\u00e9dicos e psicol\u00f3gicos dispon\u00edveis para fazer cessar ou ao menos mitigar o sofrimento das pessoas, al\u00e9m de fornecer ferramentas para aquelas que precisam de apoio para seguir enfrentando a pandemia que, infelizmente, est\u00e1 longe de acabar. Do contr\u00e1rio, muitas pessoas ter\u00e3o dr\u00e1sticas redu\u00e7\u00f5es em sua qualidade de vida, com sofrimento ps\u00edquico evit\u00e1vel &#8211; pontuou a defensora p\u00fablica Renata Duarte, respons\u00e1vel pela busca ativa.<\/li><\/ul>\n\n\n\n<p>Tamb\u00e9m segundo a defensora, s\u00f3 a partir da coleta desses dados ser\u00e1 poss\u00edvel definir um diagn\u00f3stico que poder\u00e1 pautar a melhor atua\u00e7\u00e3o coletiva estrat\u00e9gica em todas as \u00e1reas referentes \u00e0 sa\u00fade mental, desde o atendimento especializado at\u00e9 a poss\u00edvel interna\u00e7\u00e3o. Para ela, apesar de n\u00e3o se poder afirmar de forma categ\u00f3rica o aumento de transtornos mentais, est\u00e1 evidenciado um cen\u00e1rio de importante afeta\u00e7\u00e3o do bem-estar mental &nbsp;durante a pandemia.&nbsp;<br>&nbsp;<\/p>\n\n\n\n<ul class=\"wp-block-list\"><li>Em se tratando de atua\u00e7\u00e3o coletiva, antes de qualquer a\u00e7\u00e3o \u00e9 preciso um diagn\u00f3stico do cen\u00e1rio atual, para que, s\u00f3 ent\u00e3o, sejam definidas as formas de atua\u00e7\u00e3o, seja construindo solu\u00e7\u00f5es estruturais para os problemas encontrados de forma conjunta com a Administra\u00e7\u00e3o P\u00fablica, seja buscando, atrav\u00e9s de medidas judiciais o cumprimento de direitos de forma coletiva e sistem\u00e1tica &#8211; concluiu a defensora.<\/li><\/ul>\n\n\n\n<p>Foto: Revista Pilates <\/p>\n","protected":false},"excerpt":{"rendered":"<p>Busca ativa revela que a pandemia tem sido fator crucial para aumento de sintomas de<\/p>\n","protected":false},"author":2,"featured_media":14337,"comment_status":"open","ping_status":"open","sticky":false,"template":"","format":"standard","meta":{"footnotes":""},"categories":[12],"tags":[],"class_list":["post-14336","post","type-post","status-publish","format-standard","has-post-thumbnail","hentry","category-cidade"],"_links":{"self":[{"href":"https:\/\/tvc16.com\/portal\/wp-json\/wp\/v2\/posts\/14336","targetHints":{"allow":["GET"]}}],"collection":[{"href":"https:\/\/tvc16.com\/portal\/wp-json\/wp\/v2\/posts"}],"about":[{"href":"https:\/\/tvc16.com\/portal\/wp-json\/wp\/v2\/types\/post"}],"author":[{"embeddable":true,"href":"https:\/\/tvc16.com\/portal\/wp-json\/wp\/v2\/users\/2"}],"replies":[{"embeddable":true,"href":"https:\/\/tvc16.com\/portal\/wp-json\/wp\/v2\/comments?post=14336"}],"version-history":[{"count":1,"href":"https:\/\/tvc16.com\/portal\/wp-json\/wp\/v2\/posts\/14336\/revisions"}],"predecessor-version":[{"id":14338,"href":"https:\/\/tvc16.com\/portal\/wp-json\/wp\/v2\/posts\/14336\/revisions\/14338"}],"wp:featuredmedia":[{"embeddable":true,"href":"https:\/\/tvc16.com\/portal\/wp-json\/wp\/v2\/media\/14337"}],"wp:attachment":[{"href":"https:\/\/tvc16.com\/portal\/wp-json\/wp\/v2\/media?parent=14336"}],"wp:term":[{"taxonomy":"category","embeddable":true,"href":"https:\/\/tvc16.com\/portal\/wp-json\/wp\/v2\/categories?post=14336"},{"taxonomy":"post_tag","embeddable":true,"href":"https:\/\/tvc16.com\/portal\/wp-json\/wp\/v2\/tags?post=14336"}],"curies":[{"name":"wp","href":"https:\/\/api.w.org\/{rel}","templated":true}]}}