{"id":1434,"date":"2020-09-28T13:29:07","date_gmt":"2020-09-28T13:29:07","guid":{"rendered":"https:\/\/tvc16.com\/portal\/?p=1434"},"modified":"2020-09-28T13:29:07","modified_gmt":"2020-09-28T13:29:07","slug":"presidente-do-azerbaijao-decreta-mobilizacao-parcial","status":"publish","type":"post","link":"https:\/\/tvc16.com\/portal\/2020\/09\/28\/presidente-do-azerbaijao-decreta-mobilizacao-parcial\/","title":{"rendered":"Presidente do Azerbaij\u00e3o decreta mobiliza\u00e7\u00e3o parcial"},"content":{"rendered":"\n<p>For\u00e7as azerbaijanas e arm\u00eanias entraram em combates nesse domingo<\/p>\n\n\n\n<p>O presidente do Azerbaij\u00e3o, Ilham Aliev, decretou hoje (28) uma mobiliza\u00e7\u00e3o parcial no pa\u00eds devido ao aumento das&nbsp;tens\u00f5es&nbsp;no enclave de Nagorno-Karabakh, onde se registraram nesse&nbsp;domingo combates entre for\u00e7as azerbaijanas e arm\u00eanias.&nbsp;Segundo o decreto presidencial, a ordem entra&nbsp;em vigor hoje.<img decoding=\"async\" src=\"https:\/\/agenciabrasil.ebc.com.br\/ebc.png?id=1389107&amp;o=node\"><img decoding=\"async\" src=\"https:\/\/agenciabrasil.ebc.com.br\/ebc.gif?id=1389107&amp;o=node\"><\/p>\n\n\n\n<p>Aliev decretou ontem a lei marcial em todo o pa\u00eds e o recolher obrigat\u00f3rio em algumas cidades, na sequ\u00eancia do conflito na regi\u00e3o separatista do Azerbaij\u00e3o, de maioria arm\u00eania, que j\u00e1 causou 39 mortos, incluindo sete civis.<\/p>\n\n\n\n<p>A Arm\u00e9nia tamb\u00e9m decretou a lei marcial e uma mobiliza\u00e7\u00e3o geral.<\/p>\n\n\n\n<p>Os dois Estados acusam-se de terem iniciado hostilidades nesse&nbsp;domingo, as mais graves desde 2016, quando confrontos entre os beligerantes provocaram cerca de 100 mortos. O conflito come\u00e7ou no fim&nbsp;da d\u00e9cada de 80.<\/p>\n\n\n\n<p>A Uni\u00e3o Europeia, as Na\u00e7\u00f5es Unidas, a R\u00fassia, Fran\u00e7a e Alemanha lamentaram os confrontos e pediram a suspens\u00e3o\u00a0imediata das hostilidades, bem como o regresso \u00e0 mesa de negocia\u00e7\u00f5es. A Turquia ofereceu ajuda ao aliado Azerbaij\u00e3o.<\/p>\n\n\n\n<p>Por RTP &#8211; Lisboa<\/p>\n","protected":false},"excerpt":{"rendered":"<p>For\u00e7as azerbaijanas e arm\u00eanias entraram em combates nesse domingo O presidente do Azerbaij\u00e3o, Ilham Aliev,<\/p>\n","protected":false},"author":2,"featured_media":1435,"comment_status":"open","ping_status":"open","sticky":false,"template":"","format":"standard","meta":{"footnotes":""},"categories":[22],"tags":[],"class_list":["post-1434","post","type-post","status-publish","format-standard","has-post-thumbnail","hentry","category-internacional"],"_links":{"self":[{"href":"https:\/\/tvc16.com\/portal\/wp-json\/wp\/v2\/posts\/1434","targetHints":{"allow":["GET"]}}],"collection":[{"href":"https:\/\/tvc16.com\/portal\/wp-json\/wp\/v2\/posts"}],"about":[{"href":"https:\/\/tvc16.com\/portal\/wp-json\/wp\/v2\/types\/post"}],"author":[{"embeddable":true,"href":"https:\/\/tvc16.com\/portal\/wp-json\/wp\/v2\/users\/2"}],"replies":[{"embeddable":true,"href":"https:\/\/tvc16.com\/portal\/wp-json\/wp\/v2\/comments?post=1434"}],"version-history":[{"count":1,"href":"https:\/\/tvc16.com\/portal\/wp-json\/wp\/v2\/posts\/1434\/revisions"}],"predecessor-version":[{"id":1436,"href":"https:\/\/tvc16.com\/portal\/wp-json\/wp\/v2\/posts\/1434\/revisions\/1436"}],"wp:featuredmedia":[{"embeddable":true,"href":"https:\/\/tvc16.com\/portal\/wp-json\/wp\/v2\/media\/1435"}],"wp:attachment":[{"href":"https:\/\/tvc16.com\/portal\/wp-json\/wp\/v2\/media?parent=1434"}],"wp:term":[{"taxonomy":"category","embeddable":true,"href":"https:\/\/tvc16.com\/portal\/wp-json\/wp\/v2\/categories?post=1434"},{"taxonomy":"post_tag","embeddable":true,"href":"https:\/\/tvc16.com\/portal\/wp-json\/wp\/v2\/tags?post=1434"}],"curies":[{"name":"wp","href":"https:\/\/api.w.org\/{rel}","templated":true}]}}