{"id":14350,"date":"2021-05-12T10:36:00","date_gmt":"2021-05-12T13:36:00","guid":{"rendered":"https:\/\/tvc16.com\/portal\/?p=14350"},"modified":"2021-05-12T10:36:02","modified_gmt":"2021-05-12T13:36:02","slug":"em-visita-ao-gaape-prefeito-interino-hingo-hammes-discute-criacao-de-protocolo-para-melhorar-diagnostico-e-atendimento-de-pessoas-com-autismo","status":"publish","type":"post","link":"https:\/\/tvc16.com\/portal\/2021\/05\/12\/em-visita-ao-gaape-prefeito-interino-hingo-hammes-discute-criacao-de-protocolo-para-melhorar-diagnostico-e-atendimento-de-pessoas-com-autismo\/","title":{"rendered":"Em visita ao Gaape, prefeito interino Hingo Hammes discute cria\u00e7\u00e3o de protocolo para melhorar diagn\u00f3stico e atendimento de pessoas com autismo"},"content":{"rendered":"\n<p>Com o objetivo de melhorar a estrutura para atendimento a pessoas com transtorno do espectro autista em Petr\u00f3polis, o prefeito interino Hingo Hammes vem conversando com representantes de entidades que prestam atendimento exclusivo a estes pacientes. Na manh\u00e3 desta ter\u00e7a-feira (11.05), o prefeito esteva na sede do Gaape &#8211; entidade que presta assist\u00eancia a pessoas com transtorno do espectro autista h\u00e1 20 anos na cidade. A entidade conta com 25 funcion\u00e1rios e atende hoje 155 autistas. O prefeito, que estava acompanhado pelo presidente da C\u00e2mara de Vereadores, Fred Proc\u00f3pio, foi recebido pela fundadora do Gaape, M\u00e1rcia Loureiro e pelo presidente da entidade, Victor Andres Escobar. Durante a reuni\u00e3o foi discutida a possibilidade de cria\u00e7\u00e3o de um protocolo para melhorar o processo para diagn\u00f3stico e atendimento de pessoas com transtornos do espectro autista na cidade. Somente a rede municipal de educa\u00e7\u00e3o atende 355 crian\u00e7as com autismo.<\/p>\n\n\n\n<p>\u201cO Gaape presta h\u00e1 anos um servi\u00e7o important\u00edssimo para as fam\u00edlias com autistas na cidade. Estamos aqui para ouvir as demandas da entidade e estreitar la\u00e7os para que possamos desenvolver uma pol\u00edtica p\u00fablica que possibilite melhorias para o diagn\u00f3stico e tratamento dos autistas. Tenho conversado com o secret\u00e1rio de Sa\u00fade, Alo\u00edsio Barbosa, sobre formas de melhorarmos os servi\u00e7os para autistas na cidade e a parceria com o Gaape \u00e9 fundamental neste sentido\u201d, destaca o prefeito interino Hingo Hammes.<\/p>\n\n\n\n<p>O Gaape disponibiliza hoje atendimento com nutricionista, psic\u00f3logo, fonoaudi\u00f3logo, fisioterapeuta, pedagoga, psicopedagogo, assistente social, al\u00e9m de inclus\u00e3o digital para os pacientes atendidos. A entidade funciona de segunda a sexta-feira no turno da manh\u00e3 e as segundas-feiras no turno da tarde. Durante a pandemia os atendimentos est\u00e3o sendo realizados de forma virtual, com atendimento presencial para os casos de emerg\u00eancia.<\/p>\n\n\n\n<p>\u201cVermos um prefeito com apenas quatro meses \u00e0 frente do governo nos procurar interessado na causa Azul, interessado em dialogar e saber mais sobre o autismo \u00e9 muito positivo. \u00c9 muito importante termos um protocolo para diagn\u00f3stico e discutirmos pol\u00edticas que possam melhorar a qualidade de vida dos autistas e de suas fam\u00edlias. \u00c9 uma semente que est\u00e1 sendo plantada hoje\u201d, destaca a fundadora do Gaape, Marcia Loureiro, lembrando a import\u00e2ncia da agilidade no diagn\u00f3stico para o desenvolvimento da pessoa com transtorno de espectro autista.<\/p>\n\n\n\n<p>\u201cEste interesse do prefeito na causa e a disposi\u00e7\u00e3o em criar uma pol\u00edtica p\u00fablica voltada para os autistas certamente ir\u00e1 ajudar muitas fam\u00edlias. \u00c9 uma iniciativa muito importante\u201d, destaca o presidente do Gaape, Victor Andres Escobar.<\/p>\n\n\n\n<p>No fim do m\u00eas passado o prefeito interino Hingo Hammes e o secret\u00e1rio de Sa\u00fade, Aloiso Barbosa da Silva Filho estiveram na Cl\u00ednica Escola do Autista \u2013 espa\u00e7o que concentra diferentes tipos de atendimentos voltados para pessoas com autismo no munic\u00edpio de Itabora\u00ed. A cl\u00ednica escola tem 30 funcion\u00e1rios &#8211; entre profissionais de sa\u00fade e educa\u00e7\u00e3o. A inten\u00e7\u00e3o \u00e9 viabilizar em Petr\u00f3polis um modelo semelhante, que concentre atendimentos m\u00e9dico, educacional, al\u00e9m de atividades l\u00fadicas e recreativas para o desenvolvimento de autistas.<\/p>\n\n\n\n<p>\u201cEm Itabora\u00ed fomos recebidos pela idealizadora do projeto, Berenice Viana, que vem desenvolvendo este trabalho muito interessante, voltado exclusivamente para os autistas e que tem um olhar diferenciado sobre o assunto pela vivencia de ter um filho autista. \u00c9 uma estrutura que ajuda a melhorar a qualidade de via do autista e tamb\u00e9m da fam\u00edlia, que encontra apoio especializado, com diferentes atendimentos em um \u00fanico espa\u00e7o\u201d, disse o prefeito interino Hingo Hammes.<\/p>\n\n\n\n<p>A Cl\u00ednica Escola do Autista, em Itabora\u00ed, atende 162 autistas de todas as idades. O espa\u00e7o conta com pedagogas especializadas em autismo, terapeutas ocupacionais, psic\u00f3logas, neuropediatra e arteterapeuta, al\u00e9m de m\u00e9dicos de cl\u00ednica geral e neurologia. fisioterapeutas, psicopedagogas, nutricionistas, fonoaudi\u00f3logas e assistentes sociais.<\/p>\n\n\n\n<p>\u201cEstivemos l\u00e1 para conhecer, pois queremos entender como funciona o projeto para que possamos avaliar a viabilidade de adotar este modelo, que oferece um atendimento diferenciado e extremamente importante para o desenvolvimento dos autistas. Fomos muito bem recebidos pela Berenice Viana, que tem um filho autista e \u00e9 coautora da Lei federal 12.764\/12, criada para proteger os direitos dos autistas\u201d, destaca o secret\u00e1rio de Sa\u00fade, Aloisio Barbosa da Silva Filho.<\/p>\n\n\n\n<p>\u201cPercebi com o meu filho que h\u00e1 uma car\u00eancia de atendimento espec\u00edfico para os autistas, que s\u00e3o pessoas com caracter\u00edsticas muito particulares. Aqui concentramos atendimento terap\u00eautico com m\u00e9dico, fisioterapia, fonoaudiologia, nutricionista, psicopedagogas, sala de recursos para auxiliar as crian\u00e7as que estudam na escola regular, enfim, todos os atendimentos em um \u00fanico local e de forma individualizada. O objetivo final \u00e9 dar autonomia ao autista\u201d, explica Berenice Viana, lembrando que melhoria na qualidade de vida de um autista come\u00e7a na alimenta\u00e7\u00e3o.<\/p>\n","protected":false},"excerpt":{"rendered":"<p>Com o objetivo de melhorar a estrutura para atendimento a pessoas com transtorno do espectro<\/p>\n","protected":false},"author":2,"featured_media":14351,"comment_status":"open","ping_status":"open","sticky":false,"template":"","format":"standard","meta":{"footnotes":""},"categories":[12],"tags":[],"class_list":["post-14350","post","type-post","status-publish","format-standard","has-post-thumbnail","hentry","category-cidade"],"_links":{"self":[{"href":"https:\/\/tvc16.com\/portal\/wp-json\/wp\/v2\/posts\/14350","targetHints":{"allow":["GET"]}}],"collection":[{"href":"https:\/\/tvc16.com\/portal\/wp-json\/wp\/v2\/posts"}],"about":[{"href":"https:\/\/tvc16.com\/portal\/wp-json\/wp\/v2\/types\/post"}],"author":[{"embeddable":true,"href":"https:\/\/tvc16.com\/portal\/wp-json\/wp\/v2\/users\/2"}],"replies":[{"embeddable":true,"href":"https:\/\/tvc16.com\/portal\/wp-json\/wp\/v2\/comments?post=14350"}],"version-history":[{"count":1,"href":"https:\/\/tvc16.com\/portal\/wp-json\/wp\/v2\/posts\/14350\/revisions"}],"predecessor-version":[{"id":14352,"href":"https:\/\/tvc16.com\/portal\/wp-json\/wp\/v2\/posts\/14350\/revisions\/14352"}],"wp:featuredmedia":[{"embeddable":true,"href":"https:\/\/tvc16.com\/portal\/wp-json\/wp\/v2\/media\/14351"}],"wp:attachment":[{"href":"https:\/\/tvc16.com\/portal\/wp-json\/wp\/v2\/media?parent=14350"}],"wp:term":[{"taxonomy":"category","embeddable":true,"href":"https:\/\/tvc16.com\/portal\/wp-json\/wp\/v2\/categories?post=14350"},{"taxonomy":"post_tag","embeddable":true,"href":"https:\/\/tvc16.com\/portal\/wp-json\/wp\/v2\/tags?post=14350"}],"curies":[{"name":"wp","href":"https:\/\/api.w.org\/{rel}","templated":true}]}}