{"id":14362,"date":"2021-05-12T11:01:23","date_gmt":"2021-05-12T14:01:23","guid":{"rendered":"https:\/\/tvc16.com\/portal\/?p=14362"},"modified":"2021-05-12T11:01:25","modified_gmt":"2021-05-12T14:01:25","slug":"firjan-iel-reune-especialistas-do-brasil-e-do-mundo-para-debater-a-transformacao-digital","status":"publish","type":"post","link":"https:\/\/tvc16.com\/portal\/2021\/05\/12\/firjan-iel-reune-especialistas-do-brasil-e-do-mundo-para-debater-a-transformacao-digital\/","title":{"rendered":"Firjan IEL re\u00fane especialistas do Brasil e do mundo para debater a Transforma\u00e7\u00e3o Digital"},"content":{"rendered":"\n<p><strong>Evento ter\u00e1 palestra de George Westerman,&nbsp;pesquisador de Economia Digital&nbsp;no MIT e refer\u00eancia mundial no tema.<\/strong><\/p>\n\n\n\n<p><strong>Empresa de Tr\u00eas Rios, Telas Guar\u00e1, tamb\u00e9m vai compartilhar estrat\u00e9gias utilizadas para encarar os desafios desse novo momento.<\/strong><\/p>\n\n\n\n<p>Liderar a sua empresa para a Transforma\u00e7\u00e3o Digital \u00e9 urgente e desafiador. Pensando nisso, a Firjan IEL promove no m\u00eas de maio a&nbsp;<strong>Jornada de Transforma\u00e7\u00e3o Digital das Empresas<\/strong>,&nbsp;<strong>programa\u00e7\u00e3o 100% on-line e gratuita&nbsp;<\/strong>formada por semin\u00e1rio e capacita\u00e7\u00e3o, que tem o objetivo de ajudar empres\u00e1rios e lideran\u00e7as a implementar estrat\u00e9gias de transforma\u00e7\u00e3o digital nos neg\u00f3cios, sejam eles do tamanho que for.<\/p>\n\n\n\n<p>Uma das principais atra\u00e7\u00f5es ser\u00e1 George Westerman, pesquisador de Economia Digital, copresidente do MIT Sloan School of Management, e autor do premiado livro &#8220;Leading Digital: Transformando a Tecnologia em Transforma\u00e7\u00e3o Empresarial\u201d. Refer\u00eancia mundial no tema, ele participa do Semin\u00e1rio Melhores Pr\u00e1ticas para Transforma\u00e7\u00e3o Digital, no dia&nbsp;<strong>14 de maio.<\/strong><\/p>\n\n\n\n<p>\u201cEstrat\u00e9gia digital \u00e9 a abordagem da empresa para transformar a maneira como faz neg\u00f3cios por meio da tecnologia. \u00c9 sobre tornar sua empresa melhor. Infelizmente, muitas companhias se concentram mais no digital do que na estrat\u00e9gia, o que \u00e9 um erro. N\u00e3o \u00e9 s\u00f3 sobre fazer coisas legais, mas sobre liderar consertando o neg\u00f3cio\u201d, reflete Westerman.<\/p>\n\n\n\n<p>Tamb\u00e9m participa desse primeiro momento, Ruy Quadros, professor titular do Departamento de Pol\u00edtica Cient\u00edfica e Tecnol\u00f3gica, do IG\/UNICAMP, que vai abordar a transforma\u00e7\u00e3o digital em um contexto nacional. O semin\u00e1rio ainda vai apresentar dois cases de empresas que modificaram seus processos e j\u00e1 sentem os impactos da transforma\u00e7\u00e3o digital. Gustavo Fran\u00e7a, chefe da \u00e1rea digital da Gerdau, e Carlos Henrique Lima S\u00e9rcio, diretor comercial da Telas Guar\u00e1, empresa de Tr\u00eas Rios, v\u00e3o compartilhar as li\u00e7\u00f5es aprendidas e os desafios desse novo momento.<\/p>\n\n\n\n<p><a>A f\u00e1brica de Telas Guar\u00e1 \u00e9 um exemplo bem sucedido de estrat\u00e9gia ligada a inova\u00e7\u00e3o. Em 2016, bem antes da transforma\u00e7\u00e3o digital se tornar mandat\u00f3ria para a sobreviv\u00eancia dos neg\u00f3cios, a pequena empresa de telas, arames e revestimentos j\u00e1 tinha iniciado um processo de digitaliza\u00e7\u00e3o para amplia\u00e7\u00e3o dos neg\u00f3cios. A empresa promoveu integra\u00e7\u00e3o total entre as \u00e1reas de Marketing e Vendas com a\u00e7\u00f5es automatizadas e registrou crescimento de 200% nas solicita\u00e7\u00f5es de or\u00e7amento e mais de 12 mil contatos segmentados na base.<\/a><\/p>\n\n\n\n<p>\u201cN\u00f3s tivemos resultados importantes mostrando que as a\u00e7\u00f5es implementadas foram cada vez mais assertivas. Mudamos o pensamento por tr\u00e1s da empresa, extrapolamos nossos limites de atua\u00e7\u00e3o, deixamos o Rio de Janeiro para atender a todo o Brasil e hoje vemos uma empresa em crescimentos nos dois \u00faltimos anos\u201d, explica S\u00e9rcio e garante &#8220;a transforma\u00e7\u00e3o digital n\u00e3o \u00e9 opcional, n\u00e3o \u00e9 um luxo ou faz ou faz, n\u00e3o tem outra sa\u00edda&#8221;, afirma.<\/p>\n\n\n\n<p>\u201cH\u00e1 pouco tempo fazer a transforma\u00e7\u00e3o digital em uma empresa era uma quest\u00e3o de diferencial competitivo. Agora \u00e9 uma quest\u00e3o de sobreviv\u00eancia. Ou voc\u00ea faz ou est\u00e1 fora\u201d, reflete a gerente de conte\u00fado de conte\u00fado e inova\u00e7\u00e3o empresarial Casa Firjan e Firjan IEL, Maria Isabel Oschery.<\/p>\n\n\n\n<p>A jornada promovida pela Firjan IEL, portanto, tem o prop\u00f3sito de desvendar o territ\u00f3rio da transforma\u00e7\u00e3o digital e auxiliar os empres\u00e1rios a pensar em uma estrat\u00e9gia que atenda \u00e0s necessidades de suas empresas.<\/p>\n\n\n\n<p><a href=\"https:\/\/nam02.safelinks.protection.outlook.com\/?url=https%3A%2F%2Fjornadafirjaniel.firjan.com.br%2Ftransformacaodigital&amp;data=04%7C01%7CCFARAUJO%40firjan.com.br%7Cc9c51ebd213a449a1a7608d90e7219f0%7Cd0c698d4e4ea4ee9a79df2d7a78399c8%7C0%7C0%7C637556705486532185%7CUnknown%7CTWFpbGZsb3d8eyJWIjoiMC4wLjAwMDAiLCJQIjoiV2luMzIiLCJBTiI6Ik1haWwiLCJXVCI6Mn0%3D%7C1000&amp;sdata=XV3o9NLuhY3k86kWssH9YxU08NyzUm1odTorCgPM2Ac%3D&amp;reserved=0\" target=\"_blank\" rel=\"noreferrer noopener\"><strong>As inscri\u00e7\u00f5es j\u00e1 est\u00e3o abertas e podem ser feitas por aqui<\/strong><\/a><strong><\/strong><\/p>\n\n\n\n<p><strong>Transforma\u00e7\u00e3o come\u00e7a pela mudan\u00e7a de comportamento<\/strong><\/p>\n\n\n\n<p>No dia&nbsp;<strong>24 de maio<\/strong>, a jornada segue com uma capacita\u00e7\u00e3o ministrada pelo cientista-chefe da&nbsp;<strong>TDS Company<\/strong>, Silvio Meira, e sua equipe, e v\u00e3o oferecer conhecimento estrat\u00e9gico aos l\u00edderes que ir\u00e3o implementar as etapas da Transforma\u00e7\u00e3o Digital em suas empresas.<\/p>\n\n\n\n<p>A capacita\u00e7\u00e3o ter\u00e1 in\u00edcio a partir do estudo do contexto &#8220;figital&#8221; &#8211; onde o f\u00edsico, o digital e o social est\u00e3o conectados e acontecem simultaneamente &#8211; para entender oportunidades estrat\u00e9gicas de transforma\u00e7\u00e3o. Nas etapas seguintes, os l\u00edderes v\u00e3o experimentar hip\u00f3teses para executar solu\u00e7\u00f5es que transformam o contexto, e estabelecer metas de curto, m\u00e9dio e longo prazo para o neg\u00f3cio.<\/p>\n\n\n\n<p>\u201cTransforma\u00e7\u00e3o digital \u00e9 um processo de&nbsp;<strong>acultura\u00e7\u00e3o pelo qual indiv\u00edduos<\/strong>, times e organiza\u00e7\u00f5es s\u00e3o levados a mudar de comportamentos e estruturas anal\u00f3gicas para uma ecologia de plataformas digitais. Defendemos que o processo de passagem de uma plataforma anal\u00f3gica para outra, digital, implica essencialmente em incorporar uma s\u00e9rie de mudan\u00e7as de comportamento. E isso exige o entendimento de contextos baseados em redes de pessoas, institui\u00e7\u00f5es e coisas conectadas, participando de relacionamentos e intera\u00e7\u00f5es e produzindo dados\u201d, reflete Meira.<\/p>\n\n\n\n<p>A capacita\u00e7\u00e3o ser\u00e1 exclusiva e gratuita para empres\u00e1rios associados \u00e0 Firjan, por meio de&nbsp;<strong>pr\u00e9-inscri\u00e7\u00e3o at\u00e9 dia 18\/05<\/strong>&nbsp;e ter\u00e1 a formato de seis encontros com duas horas de dura\u00e7\u00e3o cada de forma s\u00edncrona e 2h de forma ass\u00edncrona, totalizando uma carga hor\u00e1rio de 24h.<\/p>\n","protected":false},"excerpt":{"rendered":"<p>Evento ter\u00e1 palestra de George Westerman,&nbsp;pesquisador de Economia Digital&nbsp;no MIT e refer\u00eancia mundial no tema.<\/p>\n","protected":false},"author":2,"featured_media":14363,"comment_status":"open","ping_status":"open","sticky":false,"template":"","format":"standard","meta":{"footnotes":""},"categories":[17],"tags":[],"class_list":["post-14362","post","type-post","status-publish","format-standard","has-post-thumbnail","hentry","category-outras-noticias"],"_links":{"self":[{"href":"https:\/\/tvc16.com\/portal\/wp-json\/wp\/v2\/posts\/14362","targetHints":{"allow":["GET"]}}],"collection":[{"href":"https:\/\/tvc16.com\/portal\/wp-json\/wp\/v2\/posts"}],"about":[{"href":"https:\/\/tvc16.com\/portal\/wp-json\/wp\/v2\/types\/post"}],"author":[{"embeddable":true,"href":"https:\/\/tvc16.com\/portal\/wp-json\/wp\/v2\/users\/2"}],"replies":[{"embeddable":true,"href":"https:\/\/tvc16.com\/portal\/wp-json\/wp\/v2\/comments?post=14362"}],"version-history":[{"count":1,"href":"https:\/\/tvc16.com\/portal\/wp-json\/wp\/v2\/posts\/14362\/revisions"}],"predecessor-version":[{"id":14364,"href":"https:\/\/tvc16.com\/portal\/wp-json\/wp\/v2\/posts\/14362\/revisions\/14364"}],"wp:featuredmedia":[{"embeddable":true,"href":"https:\/\/tvc16.com\/portal\/wp-json\/wp\/v2\/media\/14363"}],"wp:attachment":[{"href":"https:\/\/tvc16.com\/portal\/wp-json\/wp\/v2\/media?parent=14362"}],"wp:term":[{"taxonomy":"category","embeddable":true,"href":"https:\/\/tvc16.com\/portal\/wp-json\/wp\/v2\/categories?post=14362"},{"taxonomy":"post_tag","embeddable":true,"href":"https:\/\/tvc16.com\/portal\/wp-json\/wp\/v2\/tags?post=14362"}],"curies":[{"name":"wp","href":"https:\/\/api.w.org\/{rel}","templated":true}]}}