{"id":1437,"date":"2020-09-28T13:30:04","date_gmt":"2020-09-28T13:30:04","guid":{"rendered":"https:\/\/tvc16.com\/portal\/?p=1437"},"modified":"2020-09-28T13:30:04","modified_gmt":"2020-09-28T13:30:04","slug":"merkel-alemanha-pode-chegar-a-19-200-casos-de-coronavirus-por-dia","status":"publish","type":"post","link":"https:\/\/tvc16.com\/portal\/2020\/09\/28\/merkel-alemanha-pode-chegar-a-19-200-casos-de-coronavirus-por-dia\/","title":{"rendered":"Merkel: Alemanha pode chegar a 19.200 casos de coronav\u00edrus por dia"},"content":{"rendered":"\n<p>Infec\u00e7\u00f5es est\u00e3o aumentando h\u00e1 semanas, mostra instituto<\/p>\n\n\n\n<p>A chanceler da Alemanha, Angela Merkel, disse a l\u00edderes de sua Uni\u00e3o Democrata Crist\u00e3 (CDU) nesta segunda-feira que a taxa de infec\u00e7\u00f5es por coronav\u00edrus do pa\u00eds pode chegar a 19.200 por dia se a tend\u00eancia atual se mantiver, mas enfatizou que a economia precisa continuar ativa, disse uma fonte do partido.<img decoding=\"async\" src=\"https:\/\/agenciabrasil.ebc.com.br\/ebc.png?id=1389113&amp;o=node\"><img decoding=\"async\" src=\"https:\/\/agenciabrasil.ebc.com.br\/ebc.gif?id=1389113&amp;o=node\"><\/p>\n\n\n\n<p>As infec\u00e7\u00f5es est\u00e3o aumentando na Alemanha h\u00e1 semanas. Dados do Instituto de Doen\u00e7as Infecciosas Robert Koch (RKI) mostraram que o n\u00famero de casos confirmados de coronav\u00edrus aumentou em 1.192 nesta segunda-feira. A quantidade de casos saltou para mais de dois mil em alguns dias recentes.<\/p>\n\n\n\n<p>\u201cSe a tend\u00eancia se mantiver como est\u00e1 agora, teremos 19.200 infec\u00e7\u00f5es por dia. \u00c9 como em outros pa\u00edses\u201d, disse Merkel em uma videoconfer\u00eancia da lideran\u00e7a da CDU, disse o jornal Bild.<\/p>\n\n\n\n<p>Uma pessoa a par da confer\u00eancia confirmou a tend\u00eancia \u00e0 Reuters, acrescentando que a chanceler baseou o n\u00famero em proje\u00e7\u00f5es e que se referia ao per\u00edodo que culminar\u00e1 no Natal.<\/p>\n\n\n\n<p>\u201cPrecisamos conter as infec\u00e7\u00f5es rapidamente e intervir\u201d, disse Merkel, de acordo com a fonte partid\u00e1ria. \u201cPrecisamos estabelecer prioridades, a saber, manter a economia funcionando e manter escolas e creches abertas. O futebol \u00e9 secund\u00e1rio por hora.\u201d<\/p>\n\n\n\n<p>Os torcedores t\u00eam permiss\u00e3o de assistir partidas do Campeonato Alem\u00e3o se as cotas de infec\u00e7\u00f5es n\u00e3o forem muito altas localmente, e os est\u00e1dios podem receber 20% de sua capacidade.<\/p>\n\n\n\n<p>O Bild disse que Merkel considerou o n\u00famero de infec\u00e7\u00f5es na Europa preocupante e declarou que a Alemanha precisa fazer de tudo que pode para evitar que as cifras voltem a subir exponencialmente.<\/p>\n\n\n\n<p>Por Reuters &#8211; Alemanha<\/p>\n","protected":false},"excerpt":{"rendered":"<p>Infec\u00e7\u00f5es est\u00e3o aumentando h\u00e1 semanas, mostra instituto A chanceler da Alemanha, Angela Merkel, disse a<\/p>\n","protected":false},"author":2,"featured_media":1438,"comment_status":"open","ping_status":"open","sticky":false,"template":"","format":"standard","meta":{"footnotes":""},"categories":[22],"tags":[],"class_list":["post-1437","post","type-post","status-publish","format-standard","has-post-thumbnail","hentry","category-internacional"],"_links":{"self":[{"href":"https:\/\/tvc16.com\/portal\/wp-json\/wp\/v2\/posts\/1437","targetHints":{"allow":["GET"]}}],"collection":[{"href":"https:\/\/tvc16.com\/portal\/wp-json\/wp\/v2\/posts"}],"about":[{"href":"https:\/\/tvc16.com\/portal\/wp-json\/wp\/v2\/types\/post"}],"author":[{"embeddable":true,"href":"https:\/\/tvc16.com\/portal\/wp-json\/wp\/v2\/users\/2"}],"replies":[{"embeddable":true,"href":"https:\/\/tvc16.com\/portal\/wp-json\/wp\/v2\/comments?post=1437"}],"version-history":[{"count":1,"href":"https:\/\/tvc16.com\/portal\/wp-json\/wp\/v2\/posts\/1437\/revisions"}],"predecessor-version":[{"id":1439,"href":"https:\/\/tvc16.com\/portal\/wp-json\/wp\/v2\/posts\/1437\/revisions\/1439"}],"wp:featuredmedia":[{"embeddable":true,"href":"https:\/\/tvc16.com\/portal\/wp-json\/wp\/v2\/media\/1438"}],"wp:attachment":[{"href":"https:\/\/tvc16.com\/portal\/wp-json\/wp\/v2\/media?parent=1437"}],"wp:term":[{"taxonomy":"category","embeddable":true,"href":"https:\/\/tvc16.com\/portal\/wp-json\/wp\/v2\/categories?post=1437"},{"taxonomy":"post_tag","embeddable":true,"href":"https:\/\/tvc16.com\/portal\/wp-json\/wp\/v2\/tags?post=1437"}],"curies":[{"name":"wp","href":"https:\/\/api.w.org\/{rel}","templated":true}]}}