{"id":14380,"date":"2021-05-12T11:13:59","date_gmt":"2021-05-12T14:13:59","guid":{"rendered":"https:\/\/tvc16.com\/portal\/?p=14380"},"modified":"2021-05-12T11:14:01","modified_gmt":"2021-05-12T14:14:01","slug":"mortes-em-protestos-aumentam-e-colombia-espera-nova-onda-de-covid-19","status":"publish","type":"post","link":"https:\/\/tvc16.com\/portal\/2021\/05\/12\/mortes-em-protestos-aumentam-e-colombia-espera-nova-onda-de-covid-19\/","title":{"rendered":"Mortes em protestos aumentam e Col\u00f4mbia espera nova onda de covid-19"},"content":{"rendered":"\n<h3 class=\"wp-block-heading\">Greve nacional foi convocada para esta quarta-feira<\/h3>\n\n\n\n<h4 class=\"wp-block-heading\">Por Carlos Vargas e Oliver Griffin &#8211; Rep\u00f3rteres da Reuters &#8211; Bogot\u00e1<\/h4>\n\n\n\n<p>O n\u00famero de mortes registrado na Col\u00f4mbia, ap\u00f3s quase duas semanas de protestos contra o governo, subiu para mais de 40 nessa ter\u00e7a-feira (11), um dia antes da greve nacional convocada para esta quarta-feira.&nbsp;Autoridades de grandes cidades alertam sobre um pico prolongado de casos de covid-19 por causa das manifesta\u00e7\u00f5es.<img decoding=\"async\" src=\"https:\/\/agenciabrasil.ebc.com.br\/ebc.png?id=1409386&amp;o=node\"><img decoding=\"async\" src=\"https:\/\/agenciabrasil.ebc.com.br\/ebc.gif?id=1409386&amp;o=node\"><\/p>\n\n\n\n<p>Os protestos violentos contra a proposta de reforma tribut\u00e1ria do governo, que agora j\u00e1 foi retirado de pauta, come\u00e7aram no dia 28 de abril. As reivindica\u00e7\u00f5es dos manifestantes se expandiram para incluir renda b\u00e1sica, fim da viol\u00eancia policial e retirada de um projeto de reforma da sa\u00fade que \u00e9 discutido h\u00e1 muito tempo.&nbsp;<\/p>\n\n\n\n<p>Protestos menores e bloqueios de estradas continuam diariamente por todo o pa\u00eds. Sindicatos e grupos estudantis convocaram greve nacional hoje,&nbsp;ap\u00f3s uma reuni\u00e3o com o presidente Ivan Duque, que acabou sem consenso.<\/p>\n\n\n\n<p>O ouvidor&nbsp;de direitos humanos da Col\u00f4mbia afirmou que recebeu relatos de mortes de 41 civis e de um policial e que est\u00e1 verificando se os casos s\u00e3o diretamente ligados aos protestos.&nbsp;<\/p>\n\n\n\n<p>A pol\u00edcia e o esquadr\u00e3o de choque Esmad s\u00e3o os supostos respons\u00e1veis por 11 assassinatos, segundo o ouvidor, que considerou sete mortes como n\u00e3o relacionadas \u00e0s manifesta\u00e7\u00f5es.&nbsp;<\/p>\n\n\n\n<p>&#8220;Pedimos que medidas sejam tomadas para encerrar a viol\u00eancia que est\u00e1 fazendo a Col\u00f4mbia sangrar&#8221;, disse o gabinete do ouvidor&nbsp;pelo Twitter.<\/p>\n\n\n\n<p>O grupo local de direitos humanos Temblores afirmou&nbsp;que 40 manifestantes teriam sido mortos pela pol\u00edcia, enquanto a organiza\u00e7\u00e3o n\u00e3o governamental Human Rights Watch disse que recebeu 46 relatos de mortes nos protestos e verificou 13.<\/p>\n","protected":false},"excerpt":{"rendered":"<p>Greve nacional foi convocada para esta quarta-feira Por Carlos Vargas e Oliver Griffin &#8211; Rep\u00f3rteres<\/p>\n","protected":false},"author":2,"featured_media":14381,"comment_status":"open","ping_status":"open","sticky":false,"template":"","format":"standard","meta":{"footnotes":""},"categories":[17],"tags":[],"class_list":["post-14380","post","type-post","status-publish","format-standard","has-post-thumbnail","hentry","category-outras-noticias"],"_links":{"self":[{"href":"https:\/\/tvc16.com\/portal\/wp-json\/wp\/v2\/posts\/14380","targetHints":{"allow":["GET"]}}],"collection":[{"href":"https:\/\/tvc16.com\/portal\/wp-json\/wp\/v2\/posts"}],"about":[{"href":"https:\/\/tvc16.com\/portal\/wp-json\/wp\/v2\/types\/post"}],"author":[{"embeddable":true,"href":"https:\/\/tvc16.com\/portal\/wp-json\/wp\/v2\/users\/2"}],"replies":[{"embeddable":true,"href":"https:\/\/tvc16.com\/portal\/wp-json\/wp\/v2\/comments?post=14380"}],"version-history":[{"count":1,"href":"https:\/\/tvc16.com\/portal\/wp-json\/wp\/v2\/posts\/14380\/revisions"}],"predecessor-version":[{"id":14382,"href":"https:\/\/tvc16.com\/portal\/wp-json\/wp\/v2\/posts\/14380\/revisions\/14382"}],"wp:featuredmedia":[{"embeddable":true,"href":"https:\/\/tvc16.com\/portal\/wp-json\/wp\/v2\/media\/14381"}],"wp:attachment":[{"href":"https:\/\/tvc16.com\/portal\/wp-json\/wp\/v2\/media?parent=14380"}],"wp:term":[{"taxonomy":"category","embeddable":true,"href":"https:\/\/tvc16.com\/portal\/wp-json\/wp\/v2\/categories?post=14380"},{"taxonomy":"post_tag","embeddable":true,"href":"https:\/\/tvc16.com\/portal\/wp-json\/wp\/v2\/tags?post=14380"}],"curies":[{"name":"wp","href":"https:\/\/api.w.org\/{rel}","templated":true}]}}