{"id":14386,"date":"2021-05-12T11:15:58","date_gmt":"2021-05-12T14:15:58","guid":{"rendered":"https:\/\/tvc16.com\/portal\/?p=14386"},"modified":"2021-05-12T11:16:01","modified_gmt":"2021-05-12T14:16:01","slug":"setor-de-servicos-recua-4-de-fevereiro-para-marco","status":"publish","type":"post","link":"https:\/\/tvc16.com\/portal\/2021\/05\/12\/setor-de-servicos-recua-4-de-fevereiro-para-marco\/","title":{"rendered":"Setor de servi\u00e7os recua 4% de fevereiro para mar\u00e7o"},"content":{"rendered":"\n<h3 class=\"wp-block-heading\">\u00c9 o que revela pesquisa do IBGE<\/h3>\n\n\n\n<h4 class=\"wp-block-heading\">Por Vitor Abdala &#8211; Rep\u00f3rter da Ag\u00eancia Brasil &#8211; Rio de Janeiro<\/h4>\n\n\n\n<p>O volume de servi\u00e7os caiu 4% na passagem de fevereiro para mar\u00e7o deste ano, depois de duas altas consecutivas do indicador. As informa\u00e7\u00f5es da Pesquisa Mensal de Servi\u00e7os (PMS) foram divulgadas hoje (12), no Rio de Janeiro, pelo Instituto Brasileiro de Geografia e Estat\u00edstica (IBGE).<img decoding=\"async\" src=\"https:\/\/agenciabrasil.ebc.com.br\/ebc.png?id=1409391&amp;o=node\"><img decoding=\"async\" src=\"https:\/\/agenciabrasil.ebc.com.br\/ebc.gif?id=1409391&amp;o=node\"><\/p>\n\n\n\n<p>Com o resultado, o segmento voltou a ficar abaixo do patamar antes da pandemia de covid-19. \u201cO setor mostrava um movimento de recupera\u00e7\u00e3o desde junho do ano passado e chegou a superar o patamar pr\u00e9-pandemia. Mas, com a queda em mar\u00e7o, encontra-se 2,8% abaixo do volume de fevereiro do ano passado\u201d, disse Rodrigo Lobo, pesquisador do IBGE.<\/p>\n\n\n\n<p>Os servi\u00e7os tiveram quedas no acumulado do ano (-0,8%) e no acumulado de 12 meses (-8%). Na compara\u00e7\u00e3o com mar\u00e7o do ano passado, houve crescimento de 4,5%.<\/p>\n\n\n\n<p>Na passagem de fevereiro para mar\u00e7o, tr\u00eas das cinco atividades de servi\u00e7os tiveram queda em seu volume: servi\u00e7os prestados \u00e0s fam\u00edlias (-27%), transportes, servi\u00e7os auxiliares aos transportes e correio (-1,9%) e profissionais, administrativos e complementares (-1,4%). Dois segmentos tiveram aumento no volume de servi\u00e7os: informa\u00e7\u00e3o e comunica\u00e7\u00e3o (1,9%) e outros servi\u00e7os (3,7%).<\/p>\n\n\n\n<p>A receita nominal dos servi\u00e7os teve quedas de 0,4% na compara\u00e7\u00e3o com fevereiro deste ano, de 0,2% no acumulado do ano e de 7,7% no acumulado de 12 meses. Na compara\u00e7\u00e3o com mar\u00e7o do ano passado, a receita cresceu 6,1%.<\/p>\n\n\n\n<p>Edi\u00e7\u00e3o: Kleber Sampaio<\/p>\n","protected":false},"excerpt":{"rendered":"<p>\u00c9 o que revela pesquisa do IBGE Por Vitor Abdala &#8211; Rep\u00f3rter da Ag\u00eancia Brasil<\/p>\n","protected":false},"author":2,"featured_media":14387,"comment_status":"open","ping_status":"open","sticky":false,"template":"","format":"standard","meta":{"footnotes":""},"categories":[17],"tags":[],"class_list":["post-14386","post","type-post","status-publish","format-standard","has-post-thumbnail","hentry","category-outras-noticias"],"_links":{"self":[{"href":"https:\/\/tvc16.com\/portal\/wp-json\/wp\/v2\/posts\/14386","targetHints":{"allow":["GET"]}}],"collection":[{"href":"https:\/\/tvc16.com\/portal\/wp-json\/wp\/v2\/posts"}],"about":[{"href":"https:\/\/tvc16.com\/portal\/wp-json\/wp\/v2\/types\/post"}],"author":[{"embeddable":true,"href":"https:\/\/tvc16.com\/portal\/wp-json\/wp\/v2\/users\/2"}],"replies":[{"embeddable":true,"href":"https:\/\/tvc16.com\/portal\/wp-json\/wp\/v2\/comments?post=14386"}],"version-history":[{"count":1,"href":"https:\/\/tvc16.com\/portal\/wp-json\/wp\/v2\/posts\/14386\/revisions"}],"predecessor-version":[{"id":14388,"href":"https:\/\/tvc16.com\/portal\/wp-json\/wp\/v2\/posts\/14386\/revisions\/14388"}],"wp:featuredmedia":[{"embeddable":true,"href":"https:\/\/tvc16.com\/portal\/wp-json\/wp\/v2\/media\/14387"}],"wp:attachment":[{"href":"https:\/\/tvc16.com\/portal\/wp-json\/wp\/v2\/media?parent=14386"}],"wp:term":[{"taxonomy":"category","embeddable":true,"href":"https:\/\/tvc16.com\/portal\/wp-json\/wp\/v2\/categories?post=14386"},{"taxonomy":"post_tag","embeddable":true,"href":"https:\/\/tvc16.com\/portal\/wp-json\/wp\/v2\/tags?post=14386"}],"curies":[{"name":"wp","href":"https:\/\/api.w.org\/{rel}","templated":true}]}}