{"id":14392,"date":"2021-05-12T11:18:02","date_gmt":"2021-05-12T14:18:02","guid":{"rendered":"https:\/\/tvc16.com\/portal\/?p=14392"},"modified":"2021-05-12T11:18:04","modified_gmt":"2021-05-12T14:18:04","slug":"pfizer-rio-recebe-vacina-e-volta-a-imunizar-gravidas-com-comorbidades","status":"publish","type":"post","link":"https:\/\/tvc16.com\/portal\/2021\/05\/12\/pfizer-rio-recebe-vacina-e-volta-a-imunizar-gravidas-com-comorbidades\/","title":{"rendered":"Pfizer: Rio recebe vacina e volta a imunizar gr\u00e1vidas com comorbidades"},"content":{"rendered":"\n<h3 class=\"wp-block-heading\">Minist\u00e9rio suspendeu a aplica\u00e7\u00e3o da AstraZeneca no grup<\/h3>\n\n\n\n<h4 class=\"wp-block-heading\">Por Akemi Nitahara \u2013 Rep\u00f3rter da Ag\u00eancia Brasil &#8211; Rio de Janeiro<\/h4>\n\n\n\n<p>O munic\u00edpio do Rio de Janeiro retoma hoje (12) a imuniza\u00e7\u00e3o contra covid-19 para o grupo de gestantes e pu\u00e9rperas com comorbidade, ap\u00f3s receber, na noite de ontem, 50.310 doses da vacina da Pfizer\/BioNTech, distribu\u00eddas pelo Minist\u00e9rio da Sa\u00fade. Foram destinadas ao estado nesta remessa um total de 99.450 doses.<img decoding=\"async\" src=\"https:\/\/agenciabrasil.ebc.com.br\/ebc.png?id=1409394&amp;o=node\"><img decoding=\"async\" src=\"https:\/\/agenciabrasil.ebc.com.br\/ebc.gif?id=1409394&amp;o=node\"><\/p>\n\n\n\n<p>Ap\u00f3s orienta\u00e7\u00e3o da Ag\u00eancia Nacional de Vigil\u00e2ncia Sanit\u00e1ria (Anvisa), o minist\u00e9rio suspendeu a vacina\u00e7\u00e3o com o imunizante da<a href=\"https:\/\/agenciabrasil.ebc.com.br\/saude\/noticia\/2021-05\/ministerio-da-saude-fala-sobre-vacinacao-de-gestantes-contra-covid-19\" target=\"_blank\" rel=\"noreferrer noopener\">&nbsp;Oxford\/AstraZeneca<\/a>&nbsp;das gestantes e mulheres que tiveram filho h\u00e1 menos de 8 semanas. Na atual fase do Programa Nacional de Imuniza\u00e7\u00e3o (PNI), recebem a primeira dose as pessoas com comorbidades e pessoas com defici\u00eancia permanente.<\/p>\n\n\n\n<p>Como a log\u00edstica de distribui\u00e7\u00e3o do imunizante da fabricante norte-americana exige o armazenamento a temperaturas ultra-frias, de -20\u00b0C, o minist\u00e9rio recomenda que a distribui\u00e7\u00e3o das vacinas da Pfizer\/BioNTech seja restrita \u00e0s capitais dos estados. A segunda dose deve ser aplicada depois de 12 semanas.<\/p>\n\n\n\n<p>O PNI n\u00e3o definiu o protocolo para o caso das gestantes e pu\u00e9rperas que tomaram a primeira dose da Oxford\/AstraZeneca e deve divulgar uma nota t\u00e9cnica at\u00e9 o fim desta semana. Enquanto isso, a orienta\u00e7\u00e3o \u00e9 que elas n\u00e3o recebam a segunda dose. A suspens\u00e3o ocorreu ap\u00f3s a morte de uma gestante que recebeu o imunizante e teve trombose. Por\u00e9m, a rela\u00e7\u00e3o causal ainda n\u00e3o foi confirmada e o caso est\u00e1 em acompanhamento.<\/p>\n\n\n\n<h2 class=\"wp-block-heading\">CoronaVac<\/h2>\n\n\n\n<p>A Secretaria Municipal de Sa\u00fade do Rio de Janeiro informou que o estoque da CoronaVac, fabricada pelo Instituto Butantan a partir de insumos enviados pela China, s\u00e3o o suficiente para garantir a aplica\u00e7\u00e3o da segunda dose apenas hoje, nas pessoas com 66 anos ou mais. Caso n\u00e3o chegue uma nova remessa, o calend\u00e1rio a partir de amanh\u00e3, para pessoas com 65 e 64 anos, ter\u00e1 que ser suspenso.<\/p>\n\n\n\n<p>Edi\u00e7\u00e3o: Val\u00e9ria Aguiar<\/p>\n","protected":false},"excerpt":{"rendered":"<p>Minist\u00e9rio suspendeu a aplica\u00e7\u00e3o da AstraZeneca no grup Por Akemi Nitahara \u2013 Rep\u00f3rter da Ag\u00eancia<\/p>\n","protected":false},"author":2,"featured_media":14393,"comment_status":"open","ping_status":"open","sticky":false,"template":"","format":"standard","meta":{"footnotes":""},"categories":[17],"tags":[],"class_list":["post-14392","post","type-post","status-publish","format-standard","has-post-thumbnail","hentry","category-outras-noticias"],"_links":{"self":[{"href":"https:\/\/tvc16.com\/portal\/wp-json\/wp\/v2\/posts\/14392","targetHints":{"allow":["GET"]}}],"collection":[{"href":"https:\/\/tvc16.com\/portal\/wp-json\/wp\/v2\/posts"}],"about":[{"href":"https:\/\/tvc16.com\/portal\/wp-json\/wp\/v2\/types\/post"}],"author":[{"embeddable":true,"href":"https:\/\/tvc16.com\/portal\/wp-json\/wp\/v2\/users\/2"}],"replies":[{"embeddable":true,"href":"https:\/\/tvc16.com\/portal\/wp-json\/wp\/v2\/comments?post=14392"}],"version-history":[{"count":1,"href":"https:\/\/tvc16.com\/portal\/wp-json\/wp\/v2\/posts\/14392\/revisions"}],"predecessor-version":[{"id":14394,"href":"https:\/\/tvc16.com\/portal\/wp-json\/wp\/v2\/posts\/14392\/revisions\/14394"}],"wp:featuredmedia":[{"embeddable":true,"href":"https:\/\/tvc16.com\/portal\/wp-json\/wp\/v2\/media\/14393"}],"wp:attachment":[{"href":"https:\/\/tvc16.com\/portal\/wp-json\/wp\/v2\/media?parent=14392"}],"wp:term":[{"taxonomy":"category","embeddable":true,"href":"https:\/\/tvc16.com\/portal\/wp-json\/wp\/v2\/categories?post=14392"},{"taxonomy":"post_tag","embeddable":true,"href":"https:\/\/tvc16.com\/portal\/wp-json\/wp\/v2\/tags?post=14392"}],"curies":[{"name":"wp","href":"https:\/\/api.w.org\/{rel}","templated":true}]}}