{"id":14395,"date":"2021-05-12T12:53:52","date_gmt":"2021-05-12T15:53:52","guid":{"rendered":"https:\/\/tvc16.com\/portal\/?p=14395"},"modified":"2021-05-12T12:53:54","modified_gmt":"2021-05-12T15:53:54","slug":"secretaria-de-saude-atende-determinacao-do-governo-do-estado-e-suspende-vacinacao-de-puerperas-em-petropolis","status":"publish","type":"post","link":"https:\/\/tvc16.com\/portal\/2021\/05\/12\/secretaria-de-saude-atende-determinacao-do-governo-do-estado-e-suspende-vacinacao-de-puerperas-em-petropolis\/","title":{"rendered":"Secretaria de Sa\u00fade atende determina\u00e7\u00e3o do Governo do Estado e suspende vacina\u00e7\u00e3o de pu\u00e9rperas em Petr\u00f3polis"},"content":{"rendered":"\n<p><em>Vacina\u00e7\u00e3o de gestantes j\u00e1 tinha sido suspensa ontem, em fun\u00e7\u00e3o de recomenda\u00e7\u00e3o da Anvisa para investiga\u00e7\u00e3o de uso da AstraZeneca neste p\u00fablico<\/em><\/p>\n\n\n\n<p>Atendendo a uma determina\u00e7\u00e3o do Governo do Estado, a Secretaria Municipal de Sa\u00fade est\u00e1 suspendendo temporariamente a vacina\u00e7\u00e3o contra a covid-19 de pu\u00e9rperas (m\u00e3es que tiveram beb\u00eas h\u00e1 at\u00e9 60 dias). A medida \u00e9 preventiva, em fun\u00e7\u00e3o de recomenda\u00e7\u00e3o da Anvisa, que j\u00e1 havia orientado, ontem (11), a suspens\u00e3o da aplica\u00e7\u00e3o da vacina AstraZeneca em gestantes. \u00c9 importante lembrar que tanto gestantes quanto pu\u00e9rperas podem ser imunizadas com outras vacinas. O munic\u00edpio aguarda apenas a chegada de novas remessas de primeiras doses da Coronavac ou outra vacina recomendada para este p\u00fablico para retomar a aplica\u00e7\u00e3o do imunizante neste p\u00fablico.<\/p>\n\n\n\n<p>O secret\u00e1rio municipal de Sa\u00fade, Alo\u00edsio Barbosa da Silva Filho, explica que a Secretaria de Estado de Sa\u00fade aguarda divulga\u00e7\u00e3o de nota t\u00e9cnica pelo Programa Nacional de Imuniza\u00e7\u00f5es, com orienta\u00e7\u00f5es sobre o cumprimento ou n\u00e3o do esquema vacinal dos dois p\u00fablicos que j\u00e1 tinham recebido a primeira dose. \u201cCome\u00e7amos a vacina\u00e7\u00e3o deste p\u00fablico na semana passada e a segunda dose est\u00e1 prevista para ser aplicada em tr\u00eas meses. At\u00e9 l\u00e1, com a conclus\u00e3o das investiga\u00e7\u00f5es que levaram \u00e0 suspens\u00e3o da aplica\u00e7\u00e3o da AstraZeneca neste p\u00fablico, teremos as orienta\u00e7\u00f5es do Minist\u00e9rio da Sa\u00fade sobre como proceder\u201d, frisou.<\/p>\n\n\n\n<p>Entre os dias 6 e 10 de maio, 21 gestantes receberam a dose da AstraZeneca. J\u00e1 as pu\u00e9rperas, cujo atendimento est\u00e1 suspenso a partir de hoje (12\/05), somam 20 vacinadas com a primeira dose do imunizante em Petr\u00f3polis.<\/p>\n\n\n\n<p>\u201cAt\u00e9 esta quarta-feira (12), n\u00e3o recebemos nenhum relato de rea\u00e7\u00f5es adversas. Por\u00e9m, aquelas que foram relatadas no pa\u00eds ainda est\u00e3o em investiga\u00e7\u00e3o e n\u00e3o existe confirma\u00e7\u00e3o de que foram causadas pela vacina da AstraZeneca. Por precau\u00e7\u00e3o, a Anvisa est\u00e1 desaconselhando o uso\u201d, explica Alo\u00edsio Barbosa, frisando a import\u00e2ncia de todos os demais p\u00fablicos j\u00e1 chamados para a vacina\u00e7\u00e3o contra a Covid-19 tomarem a vacina.<\/p>\n\n\n\n<p>Em Petr\u00f3polis, a vacina\u00e7\u00e3o de gestantes \u2013 iniciada por aquelas que t\u00eam comorbidades \u2013 come\u00e7ou na semana passada, no dia 6, e ser\u00e1 retomada t\u00e3o logo o munic\u00edpio receba mais doses de Coronavac ou outra vacina indicada para este grupo (para aplica\u00e7\u00e3o de primeira dose), ou o Minist\u00e9rio da Sa\u00fade conclua a investiga\u00e7\u00e3o sobre o uso da AstraZeneca neste p\u00fablico.<\/p>\n","protected":false},"excerpt":{"rendered":"<p>Vacina\u00e7\u00e3o de gestantes j\u00e1 tinha sido suspensa ontem, em fun\u00e7\u00e3o de recomenda\u00e7\u00e3o da Anvisa para<\/p>\n","protected":false},"author":2,"featured_media":14130,"comment_status":"open","ping_status":"open","sticky":false,"template":"","format":"standard","meta":{"footnotes":""},"categories":[12],"tags":[],"class_list":["post-14395","post","type-post","status-publish","format-standard","has-post-thumbnail","hentry","category-cidade"],"_links":{"self":[{"href":"https:\/\/tvc16.com\/portal\/wp-json\/wp\/v2\/posts\/14395","targetHints":{"allow":["GET"]}}],"collection":[{"href":"https:\/\/tvc16.com\/portal\/wp-json\/wp\/v2\/posts"}],"about":[{"href":"https:\/\/tvc16.com\/portal\/wp-json\/wp\/v2\/types\/post"}],"author":[{"embeddable":true,"href":"https:\/\/tvc16.com\/portal\/wp-json\/wp\/v2\/users\/2"}],"replies":[{"embeddable":true,"href":"https:\/\/tvc16.com\/portal\/wp-json\/wp\/v2\/comments?post=14395"}],"version-history":[{"count":1,"href":"https:\/\/tvc16.com\/portal\/wp-json\/wp\/v2\/posts\/14395\/revisions"}],"predecessor-version":[{"id":14396,"href":"https:\/\/tvc16.com\/portal\/wp-json\/wp\/v2\/posts\/14395\/revisions\/14396"}],"wp:featuredmedia":[{"embeddable":true,"href":"https:\/\/tvc16.com\/portal\/wp-json\/wp\/v2\/media\/14130"}],"wp:attachment":[{"href":"https:\/\/tvc16.com\/portal\/wp-json\/wp\/v2\/media?parent=14395"}],"wp:term":[{"taxonomy":"category","embeddable":true,"href":"https:\/\/tvc16.com\/portal\/wp-json\/wp\/v2\/categories?post=14395"},{"taxonomy":"post_tag","embeddable":true,"href":"https:\/\/tvc16.com\/portal\/wp-json\/wp\/v2\/tags?post=14395"}],"curies":[{"name":"wp","href":"https:\/\/api.w.org\/{rel}","templated":true}]}}