{"id":14404,"date":"2021-05-12T18:39:18","date_gmt":"2021-05-12T21:39:18","guid":{"rendered":"https:\/\/tvc16.com\/portal\/?p=14404"},"modified":"2021-05-12T18:39:20","modified_gmt":"2021-05-12T21:39:20","slug":"mais-18-pessoas-morrem-de-covid-19-em-petropolis","status":"publish","type":"post","link":"https:\/\/tvc16.com\/portal\/2021\/05\/12\/mais-18-pessoas-morrem-de-covid-19-em-petropolis\/","title":{"rendered":"Mais 18 pessoas morrem de covid-19 em Petr\u00f3polis"},"content":{"rendered":"\n<p>O boletim epidemiol\u00f3gico desta quarta (12\/05) mostra que Petr\u00f3polis fez, at\u00e9 agora, 153.662 testes para Covid-19, com 34.630 resultados positivos e 114.998 negativos (levando em considera\u00e7\u00e3o testes r\u00e1pidos e Swab). Mais 18 \u00f3bitos foram confirmados e inseridos na base de dados do munic\u00edpio nesta quarta-feira.<\/p>\n\n\n\n<p>Neste momento, 142 pessoas est\u00e3o internadas em leitos de UTI privados e pelo SUS. Outras 148 est\u00e3o em leitos cl\u00ednicos, considerando leitos privados e SUS, totalizando assim, 290 interna\u00e7\u00f5es em toda a rede da cidade. A ocupa\u00e7\u00e3o de leitos cl\u00ednicos pelo SUS \u00e9 de 49,64% e 74,36% em leitos de UTI.<\/p>\n\n\n\n<p>A Secretaria de Sa\u00fade esclarece que o n\u00famero de \u00f3bitos, hoje em 1.059 \u00e9 atualizado nos boletins apenas ap\u00f3s o registro do atestado de \u00f3bito e do resultado do exame do paciente no sistema da Vigil\u00e2ncia Epidemiol\u00f3gica, o que \u00e9 feito por equipe administrativa. Trata-se de medida de seguran\u00e7a para evitar erro na informa\u00e7\u00e3o divulgada pela Secretaria de Sa\u00fade.<\/p>\n\n\n\n<p>A Secretaria acrescenta, ainda, que trabalha na atualiza\u00e7\u00e3o de dados de notifica\u00e7\u00f5es e casos em an\u00e1lise no sistema, inserindo ainda dados pendentes de meses anteriores. \u00c9 poss\u00edvel acompanhar a evolu\u00e7\u00e3o dos casos no portal da transpar\u00eancia do coronav\u00edrus, no site da Prefeitura (www.petropolis.rj.gov.br).<\/p>\n\n\n\n<p>\u00d3bitos registrados:<\/p>\n\n\n\n<ol class=\"wp-block-list\"><li>Homem, 57 anos, morador no Quarteir\u00e3o Brasileiro. Internado em 03.04.2021 na UPA Cascatinha e transferido para o HCC. \u00d3bito registrado em 16.04.2021 no HCC. Paciente sem comorbidades.<\/li><li>Homem, 53 anos, morador na Vila Militar. Internado em 19.94.2021 no SMH. \u00d3bito registrado em 22.04.2021 no SMH. Paciente sem comorbidades.<\/li><li>Mulher, 45 anos, moradora no Brejal. Internada em 22.04.2021 na UPA Cascatinha e transferida para o HCC. \u00d3bito registrado em 24.04.2021 no HCC. Paciente com hipertens\u00e3o arterial, obesidade e infarto agudo do mioc\u00e1rdio.<\/li><li>Homem, 71 anos, morador em Araras. Internado em 13.04.2021 na UPA Cascatinha e transferido para o HCC. \u00d3bito registrado em 24.04.2021 no HCC. Paciente com hipertens\u00e3o arterial.<\/li><li>Homem, 86 anos, morador em Itaipava. Internado em 18.04.2021 na UPA Itaipava e transferido para o HCC. \u00d3bito registrado em 25.04.2021 no HCC. Paciente com enfisema pulmonar.<\/li><li>Homem, 58 anos, morador no Bairro Castrioto. Internado em 18.04.2021 na UPA Cascatinha e transferido para o HCC. \u00d3bito registrado em 30.04.2021 no HCC. Paciente com doen\u00e7a renal cr\u00f4nica e hipertens\u00e3o arterial.<\/li><li>Mulher, 84 anos, moradora no Centro. Internada em 26.04.2021 no Hospital Unimed. \u00d3bito registrado em 07.05.2021 no Hospital Unimed. Paciente com hipertens\u00e3o arterial.<\/li><li>Homem, 47 anos, morador em Corr\u00eaas. Internado em 24.04.2021 na UPA Cascatinha e transferido para o HMNSE. \u00d3bito registrado em 07.05.2021 no HMNSE. Paciente sem comorbidades.<\/li><li>Mulher, 64 anos, moradora no Duarte da Silveira. Internada em 01.05.2021 no HAC. \u00d3bito registrado em 08.05.2021 no HAC. Paciente com doen\u00e7a cardiovascular cr\u00f4nica.<\/li><li>Mulher, 80 anos, moradora no Roseiral. Internada em 22.04.2021 no SMH. \u00d3bito registrado em 08.05.2021 no SMH. Paciente com doen\u00e7a neurol\u00f3gica cr\u00f4nica.<\/li><li>Homem, 59 anos, morador no Duarte da Silveira. Internado em 19.04.2021 no HMNSE. \u00d3bito registrado em 08.05.2021 Paciente com doen\u00e7a renal cr\u00f4nica.<\/li><li>Mulher, 58 anos, moradora em Pedro do Rio. Internada em 12.04.2021 na UPA Cascatinha e transferida para o HAC. \u00d3bito registrado em 08.05.2021 no HAC. Paciente com hipertens\u00e3o arterial.<\/li><li>Homem, 62 anos, morador no Carangola. Internado em 26.04.2021 na UPA Cascatinha e transferido para o HMNSE. \u00d3bito registrado em 08.05.2021 no HMNSE. Paciente com hipertens\u00e3o arterial e diabetes.<\/li><li>Mulher, 67 anos, moradora no Samambaia. Internada em 18.04.2021 na UPA Centro e transferida para o HMNSE. \u00d3bito registrado em 08.05.2021 no HMNSE. Paciente com hipertens\u00e3o arterial e diabetes.<\/li><li>Homem, 64 anos, morador no Independ\u00eancia. Internado em 20.04.2021 no HAC. \u00d3bito registrado em 09.05.2021 no HAC. Paciente sem comorbidades.<\/li><li>Homem, 53 anos, morador na Mosela. Internado em 24.04.2021 no Hospital Unimed. \u00d3bito registrado em 09.05.2021 no Hospital Unimed. Paciente sem comorbidades.<\/li><li>Mulher, 66 anos, moradora no Retiro. Internada em 05.05.2021 no SMH. \u00d3bito registrado em 09.05.2021 no SMH. Paciente com hipertens\u00e3o arterial e obesidade.<\/li><li>Homem, 57 anos, morador no Quarteir\u00e3o Brasileiro. Internado em 04.05.2021 na UPA Cascatinha e transferido para o HNSA. \u00d3bito registrado em 09.05.2021 no HNSA. Paciente com hipertens\u00e3o arterial.<\/li><\/ol>\n","protected":false},"excerpt":{"rendered":"<p>O boletim epidemiol\u00f3gico desta quarta (12\/05) mostra que Petr\u00f3polis fez, at\u00e9 agora, 153.662 testes para<\/p>\n","protected":false},"author":2,"featured_media":14405,"comment_status":"open","ping_status":"open","sticky":false,"template":"","format":"standard","meta":{"footnotes":""},"categories":[12],"tags":[],"class_list":["post-14404","post","type-post","status-publish","format-standard","has-post-thumbnail","hentry","category-cidade"],"_links":{"self":[{"href":"https:\/\/tvc16.com\/portal\/wp-json\/wp\/v2\/posts\/14404","targetHints":{"allow":["GET"]}}],"collection":[{"href":"https:\/\/tvc16.com\/portal\/wp-json\/wp\/v2\/posts"}],"about":[{"href":"https:\/\/tvc16.com\/portal\/wp-json\/wp\/v2\/types\/post"}],"author":[{"embeddable":true,"href":"https:\/\/tvc16.com\/portal\/wp-json\/wp\/v2\/users\/2"}],"replies":[{"embeddable":true,"href":"https:\/\/tvc16.com\/portal\/wp-json\/wp\/v2\/comments?post=14404"}],"version-history":[{"count":1,"href":"https:\/\/tvc16.com\/portal\/wp-json\/wp\/v2\/posts\/14404\/revisions"}],"predecessor-version":[{"id":14406,"href":"https:\/\/tvc16.com\/portal\/wp-json\/wp\/v2\/posts\/14404\/revisions\/14406"}],"wp:featuredmedia":[{"embeddable":true,"href":"https:\/\/tvc16.com\/portal\/wp-json\/wp\/v2\/media\/14405"}],"wp:attachment":[{"href":"https:\/\/tvc16.com\/portal\/wp-json\/wp\/v2\/media?parent=14404"}],"wp:term":[{"taxonomy":"category","embeddable":true,"href":"https:\/\/tvc16.com\/portal\/wp-json\/wp\/v2\/categories?post=14404"},{"taxonomy":"post_tag","embeddable":true,"href":"https:\/\/tvc16.com\/portal\/wp-json\/wp\/v2\/tags?post=14404"}],"curies":[{"name":"wp","href":"https:\/\/api.w.org\/{rel}","templated":true}]}}