{"id":14415,"date":"2021-05-13T14:45:28","date_gmt":"2021-05-13T17:45:28","guid":{"rendered":"https:\/\/tvc16.com\/portal\/?p=14415"},"modified":"2021-05-13T14:45:30","modified_gmt":"2021-05-13T17:45:30","slug":"trajetoria-de-sucesso-bramil-supermercados-completa-52-anos","status":"publish","type":"post","link":"https:\/\/tvc16.com\/portal\/2021\/05\/13\/trajetoria-de-sucesso-bramil-supermercados-completa-52-anos\/","title":{"rendered":"Trajet\u00f3ria de sucesso: Bramil Supermercados completa 52 anos"},"content":{"rendered":"\n<p>Treze de maio! A data marca uma ocasi\u00e3o muito especial, os 52 anos da cria\u00e7\u00e3o do Bramil Supermercados. O empreendimento, que come\u00e7ou pequeno, cresceu ao longo das \u00faltimas d\u00e9cadas e se tornou uma pot\u00eancia. Hoje a rede conta com 21 lojas, em 16 munic\u00edpios no Centro-Sul Fluminense. Al\u00e9m disso, s\u00e3o mais de 7 mil colaboradores que tiveram seus empregos garantidos durante a pandemia provocada pela covid-19.<\/p>\n\n\n\n<figure class=\"wp-block-image size-large\"><img loading=\"lazy\" decoding=\"async\" width=\"1024\" height=\"766\" src=\"https:\/\/tvc16.com\/portal\/wp-content\/uploads\/2021\/05\/WhatsApp-Image-2021-05-13-at-11.39.03-1024x766.jpeg\" alt=\"\" class=\"wp-image-14417\" srcset=\"https:\/\/tvc16.com\/portal\/wp-content\/uploads\/2021\/05\/WhatsApp-Image-2021-05-13-at-11.39.03-1024x766.jpeg 1024w, https:\/\/tvc16.com\/portal\/wp-content\/uploads\/2021\/05\/WhatsApp-Image-2021-05-13-at-11.39.03-300x225.jpeg 300w, https:\/\/tvc16.com\/portal\/wp-content\/uploads\/2021\/05\/WhatsApp-Image-2021-05-13-at-11.39.03-768x575.jpeg 768w, https:\/\/tvc16.com\/portal\/wp-content\/uploads\/2021\/05\/WhatsApp-Image-2021-05-13-at-11.39.03-200x150.jpeg 200w, https:\/\/tvc16.com\/portal\/wp-content\/uploads\/2021\/05\/WhatsApp-Image-2021-05-13-at-11.39.03.jpeg 1280w\" sizes=\"auto, (max-width: 1024px) 100vw, 1024px\" \/><\/figure>\n\n\n\n<p>Claro que diante da import\u00e2ncia, a data n\u00e3o poderia passar em branco. A unidade de Tr\u00eas Rios fez homenagens com direito a bolo e f\u00e9. Caracter\u00edstica t\u00e3o presente em Josemo Corr\u00eaa de Mello, o grande respons\u00e1vel pela cria\u00e7\u00e3o deste imp\u00e9rio e muito devoto. Hoje (13) um padre carregou a imagem de Nossa Senhora de F\u00e1tima pela loja, e em seguida a entregou aos representantes da diretoria que a levaram at\u00e9 o centro de treinamento como forma de agradecimento a tudo que foi conquistado at\u00e9 aqui.<\/p>\n\n\n\n<p>\u201c\u00c9 uma data muito especial! Completamos 52 anos de muito trabalho e amor pelo que fazemos. Me sinto extremamente feliz e orgulhoso. S\u00f3 tenho motivos para agradecer, em especial aos mais de 20 milh\u00f5es de clientes que atendemos todos os anos, e que tamb\u00e9m s\u00e3o respons\u00e1veis pelo nosso sucesso\u201d, disse Josemo J\u00fanior diretor do Grupo Mil.<\/p>\n\n\n\n<p>O Bramil Supermercados \u00e9 a maior rede do interior do Estado do Rio de Janeiro, e esse ano tem como foco impulsionar as vendas de varejo. &#8220;Por este motivo o Bramil sempre vai ter o melhor pre\u00e7o da cidade! Contem com a gente&#8221;, afirmou J\u00fanior.<\/p>\n","protected":false},"excerpt":{"rendered":"<p>Treze de maio! A data marca uma ocasi\u00e3o muito especial, os 52 anos da cria\u00e7\u00e3o<\/p>\n","protected":false},"author":2,"featured_media":14416,"comment_status":"open","ping_status":"open","sticky":false,"template":"","format":"standard","meta":{"footnotes":""},"categories":[12],"tags":[],"class_list":["post-14415","post","type-post","status-publish","format-standard","has-post-thumbnail","hentry","category-cidade"],"_links":{"self":[{"href":"https:\/\/tvc16.com\/portal\/wp-json\/wp\/v2\/posts\/14415","targetHints":{"allow":["GET"]}}],"collection":[{"href":"https:\/\/tvc16.com\/portal\/wp-json\/wp\/v2\/posts"}],"about":[{"href":"https:\/\/tvc16.com\/portal\/wp-json\/wp\/v2\/types\/post"}],"author":[{"embeddable":true,"href":"https:\/\/tvc16.com\/portal\/wp-json\/wp\/v2\/users\/2"}],"replies":[{"embeddable":true,"href":"https:\/\/tvc16.com\/portal\/wp-json\/wp\/v2\/comments?post=14415"}],"version-history":[{"count":1,"href":"https:\/\/tvc16.com\/portal\/wp-json\/wp\/v2\/posts\/14415\/revisions"}],"predecessor-version":[{"id":14418,"href":"https:\/\/tvc16.com\/portal\/wp-json\/wp\/v2\/posts\/14415\/revisions\/14418"}],"wp:featuredmedia":[{"embeddable":true,"href":"https:\/\/tvc16.com\/portal\/wp-json\/wp\/v2\/media\/14416"}],"wp:attachment":[{"href":"https:\/\/tvc16.com\/portal\/wp-json\/wp\/v2\/media?parent=14415"}],"wp:term":[{"taxonomy":"category","embeddable":true,"href":"https:\/\/tvc16.com\/portal\/wp-json\/wp\/v2\/categories?post=14415"},{"taxonomy":"post_tag","embeddable":true,"href":"https:\/\/tvc16.com\/portal\/wp-json\/wp\/v2\/tags?post=14415"}],"curies":[{"name":"wp","href":"https:\/\/api.w.org\/{rel}","templated":true}]}}