{"id":14422,"date":"2021-05-14T09:46:25","date_gmt":"2021-05-14T12:46:25","guid":{"rendered":"https:\/\/tvc16.com\/portal\/?p=14422"},"modified":"2021-05-14T09:46:27","modified_gmt":"2021-05-14T12:46:27","slug":"petropolis-chega-a-1-072-mortes-provocadas-pela-covid-19","status":"publish","type":"post","link":"https:\/\/tvc16.com\/portal\/2021\/05\/14\/petropolis-chega-a-1-072-mortes-provocadas-pela-covid-19\/","title":{"rendered":"Petr\u00f3polis chega a 1.072 mortes provocadas pela covid-19"},"content":{"rendered":"\n<p>O boletim epidemiol\u00f3gico desta quinta-feira (13) mostrou que Petr\u00f3polis fez, at\u00e9 agora, 154.213 testes para Covid-19, com 34.840 resultados positivos e 115.329 negativos (levando em considera\u00e7\u00e3o testes r\u00e1pidos e Swab). Mais 13 \u00f3bitos foram confirmados e inseridos na base de dados do munic\u00edpio nesta quinta-feira.<\/p>\n\n\n\n<p>Neste momento, 143 pessoas est\u00e3o internadas em leitos de UTI privados e pelo SUS. Outras 150 est\u00e3o em leitos cl\u00ednicos, considerando leitos privados e SUS, totalizando assim, 293 interna\u00e7\u00f5es em toda a rede da cidade. A ocupa\u00e7\u00e3o de leitos cl\u00ednicos pelo SUS \u00e9 de 55,04% e 75,21% em leitos de UTI.<\/p>\n\n\n\n<p>A Secretaria de Sa\u00fade esclarece que o n\u00famero de \u00f3bitos, hoje em 1.072 \u00e9 atualizado nos boletins apenas ap\u00f3s o registro do atestado de \u00f3bito e do resultado do exame do paciente no sistema da Vigil\u00e2ncia Epidemiol\u00f3gica, o que \u00e9 feito por equipe administrativa. Trata-se de medida de seguran\u00e7a para evitar erro na informa\u00e7\u00e3o divulgada pela Secretaria de Sa\u00fade.<\/p>\n\n\n\n<p>A Secretaria acrescenta, ainda, que trabalha na atualiza\u00e7\u00e3o de dados de notifica\u00e7\u00f5es e casos em an\u00e1lise no sistema, inserindo ainda dados pendentes de meses anteriores. \u00c9 poss\u00edvel acompanhar a evolu\u00e7\u00e3o dos casos no portal da transpar\u00eancia do coronav\u00edrus, no site da Prefeitura (www.petropolis.rj.gov.br).<\/p>\n\n\n\n<p>\u00d3bitos registrados:<\/p>\n\n\n\n<ol class=\"wp-block-list\"><li>Homem, 60 anos, morador no Roseiral. Internado em 22.04.2021 na UPA Cascatinha e transferido para o HNSA. \u00d3bito registrado em 01.05.2021 no HNSA. Paciente com hipertens\u00e3o arterial e hipotireoidismo.<\/li><li>Mulher, 49 anos, em Corr\u00eaas. Internada em 28.04.2021 na UPA Cascatinha e transferido para o HNSA. \u00d3bito registrado em 09.05.2021 no HNSA. Paciente com asma.<\/li><li>Mulher, 88 anos, moradora no Alto da Serra. Internada em 05.05.2021 na UPA Cascatinha e transferido para o HNSA. \u00d3bito registrado em 09.05.2021 no HNSA. Paciente com hipertens\u00e3o arterial e diabetes.<\/li><li>Mulher, 71 anos, moradora no Independ\u00eancia. Internada em 17.03.2021 na UPA Cascatinha e transferido para o HMNSE. \u00d3bito registrado em 09.05.2021 no HMNSE. Paciente com asma e diabetes.<\/li><li>Mulher, 75 anos, moradora no S\u00e3o Sebasti\u00e3o. Internada em 14.04.2021 na UPA Cascatinha e transferida para o HNSA. \u00d3bito registrado em 09.05.2021 no HNSA. Paciente com hipertens\u00e3o arterial.<\/li><li>Mulher, 56 anos, moradora no Alto da Serra. Internada em 28.04.2021 na UPA Itaipava e transferido para o HNSA. \u00d3bito registrado em 09.05.2021 no HNSA. Paciente com doen\u00e7a renal cr\u00f4nica.<\/li><li>Homem, 64 anos, morador no Carangola. Internado em 04.05.2021 na UPA Cascatinha e transferido para o HNSA. \u00d3bito registrado em 09.05.2021 no HNSA. Paciente com hipertens\u00e3o arterial.<\/li><li>Mulher, 66 anos, moradora na Mosela, Internada em 13.04.2021 na UPA Cascatinha e transferido para o HNSA. \u00d3bito registrado em 10.05.2021 no HNSA. Paciente com diabetes.<\/li><li>Homem, 45 anos, moradora no Duarte da Silveira. Internada em 26.04.2021 no HMNSE. \u00d3bito registrado em 10.05.2021 no HMNSE. Paciente sem comorbidades.<\/li><li>Homem, 82 anos, morador no Centro. Internado em 20.04.2021 no Hospital Unimed. \u00d3bito registrado em 10.05.2021 no Hospital Unimed. Paciente sem comorbidades.<\/li><li>Homem, 61 anos, morador no Cascatinha. Internado em 15.04.2021 no HST. \u00d3bito registrado em 11.05.2021 no HST. Paciente com hipertens\u00e3o arterial e pneumonia cr\u00f4nica.<\/li><li>Homem, 59 anos, morador na Castel\u00e2nea. Internado em 06.05.2021 no HST. \u00d3bito registrado em 11.05.2021 no HST. Paciente com hipertens\u00e3o arterial.<\/li><li>Mulher, 59 anos, moradora na Mosela. Internada em na UPA Cascatinha e transferido para o HMNSE. \u00d3bito registrado em 12.05.2021 no HMNSE. Paciente com epilepsia.<\/li><\/ol>\n","protected":false},"excerpt":{"rendered":"<p>O boletim epidemiol\u00f3gico desta quinta-feira (13) mostrou que Petr\u00f3polis fez, at\u00e9 agora, 154.213 testes para<\/p>\n","protected":false},"author":2,"featured_media":14423,"comment_status":"open","ping_status":"open","sticky":false,"template":"","format":"standard","meta":{"footnotes":""},"categories":[12],"tags":[],"class_list":["post-14422","post","type-post","status-publish","format-standard","has-post-thumbnail","hentry","category-cidade"],"_links":{"self":[{"href":"https:\/\/tvc16.com\/portal\/wp-json\/wp\/v2\/posts\/14422","targetHints":{"allow":["GET"]}}],"collection":[{"href":"https:\/\/tvc16.com\/portal\/wp-json\/wp\/v2\/posts"}],"about":[{"href":"https:\/\/tvc16.com\/portal\/wp-json\/wp\/v2\/types\/post"}],"author":[{"embeddable":true,"href":"https:\/\/tvc16.com\/portal\/wp-json\/wp\/v2\/users\/2"}],"replies":[{"embeddable":true,"href":"https:\/\/tvc16.com\/portal\/wp-json\/wp\/v2\/comments?post=14422"}],"version-history":[{"count":1,"href":"https:\/\/tvc16.com\/portal\/wp-json\/wp\/v2\/posts\/14422\/revisions"}],"predecessor-version":[{"id":14424,"href":"https:\/\/tvc16.com\/portal\/wp-json\/wp\/v2\/posts\/14422\/revisions\/14424"}],"wp:featuredmedia":[{"embeddable":true,"href":"https:\/\/tvc16.com\/portal\/wp-json\/wp\/v2\/media\/14423"}],"wp:attachment":[{"href":"https:\/\/tvc16.com\/portal\/wp-json\/wp\/v2\/media?parent=14422"}],"wp:term":[{"taxonomy":"category","embeddable":true,"href":"https:\/\/tvc16.com\/portal\/wp-json\/wp\/v2\/categories?post=14422"},{"taxonomy":"post_tag","embeddable":true,"href":"https:\/\/tvc16.com\/portal\/wp-json\/wp\/v2\/tags?post=14422"}],"curies":[{"name":"wp","href":"https:\/\/api.w.org\/{rel}","templated":true}]}}